{"id":1155,"date":"2022-09-27T21:28:16","date_gmt":"2022-09-28T02:28:16","guid":{"rendered":"https:\/\/www.celec.gob.ec\/celecsur\/?p=1169"},"modified":"2022-09-27T21:28:16","modified_gmt":"2022-09-28T02:28:16","slug":"celec-ep-capacita-a-habitantes-del-area-de-influencia-de-la-central-coca-codo-sinclair","status":"publish","type":"post","link":"https:\/\/www.celec.gob.ec\/celecsur\/noticias\/celec-ep-capacita-a-habitantes-del-area-de-influencia-de-la-central-coca-codo-sinclair\/","title":{"rendered":"CELEC EP capacita a habitantes del \u00e1rea de influencia de la central Coca Codo Sinclair"},"content":{"rendered":"<div id=\"component\" class=\"span12\"><main role=\"main\"><\/p>\n<article class=\"page-item page-item__\">\n<div class=\"item_fulltext\">\n<div id=\"component\" class=\"span12\"><main role=\"main\"><\/p>\n<article class=\"page-item page-item__\">\n<div class=\"item_fulltext\">\n<p><img loading=\"lazy\" decoding=\"async\" class=\" size-full wp-image-1168\" src=\"https:\/\/www.celec.gob.ec\/celecsur\/wp-content\/uploads\/2022\/09\/Capacitacion_area_de_influencia_CCS.jpg\" alt=\"\" width=\"582\" height=\"412\" \/><\/p>\n<\/p>\n<\/div>\n<\/article>\n<p><\/main><\/div>\n<p>Este 24 y 25 de septiembre, CELEC EP, a trav\u00e9s de su Unidad de Negocio Coca Codo Sinclair, inici\u00f3 el programa de capacitaci\u00f3n, en temas productivos y de administraci\u00f3n, a las comunidades del \u00e1rea de influencia directa de la central Coca Codo Sinclair. Esta actividad cont\u00f3 con la presencia de representantes de asociaciones ubicadas en las v\u00edas a Casa de M\u00e1quinas y Embalse Compensador de la hidroel\u00e9ctrica, y fue realizada por una empresa calificada.<\/p>\n<p><!--more--><\/p>\n<p>Para el desarrollo de las capacitaciones en territorio se emple\u00f3 una metodolog\u00eda de educaci\u00f3n para adultos, la que incorpor\u00f3 mecanismos e instrumentos adecuados al nivel de formaci\u00f3n de los participantes.<\/p>\n<p>Se trataron temas como: sistemas agroproductivos, tecnolog\u00eda de innovaci\u00f3n agr\u00edcola sostenible en el marco de la conservaci\u00f3n de la biodiversidad y resiliencia al cambio clim\u00e1tico, buenas pr\u00e1cticas agr\u00edcolas y manejo post cosecha, emprendimiento y asociatividad, contabilidad, finanzas y administraci\u00f3n b\u00e1sica.<\/p>\n<p>El objetivo principal de estas capacitaciones es incentivar la participaci\u00f3n de las personas en actividades o proyectos que beneficien la econom\u00eda comunitaria; y, fortalecer las destrezas y capacidades de los moradores, en actividades cotidianas.<\/p>\n<p>Las acciones emprendidas buscan generar una nueva din\u00e1mica econ\u00f3mica y social que contribuya a satisfacer las necesidades de los habitantes y asociaciones de la zona de influencia de la central hidroel\u00e9ctrica Coca Codo Sinclair; y, son lideradas por el \u00e1rea de Gesti\u00f3n Social y Ambiental de CELEC EP.<\/p>\n<p>Fecha de publicaci\u00f3n: Martes, 27 de septiembre de 2022.<\/p>\n<\/div>\n<div class=\"addthis_sharing_toolbox\"><\/div>\n<\/article>\n<p><\/main><\/div>\n","protected":false},"excerpt":{"rendered":"<p>Este 24 y 25 de septiembre, CELEC EP, a trav\u00e9s de su Unidad de Negocio Coca Codo Sinclair, inici\u00f3 el programa de capacitaci\u00f3n, en temas productivos y de administraci\u00f3n, a las comunidades del \u00e1rea de influencia directa de la central Coca Codo Sinclair. Esta actividad cont\u00f3 con la presencia de representantes de asociaciones ubicadas en [&hellip;]<\/p>\n","protected":false},"author":1,"featured_media":1156,"comment_status":"open","ping_status":"open","sticky":false,"template":"","format":"standard","meta":{"_acf_changed":false,"_themeisle_gutenberg_block_has_review":false,"footnotes":""},"categories":[7],"tags":[],"class_list":["post-1155","post","type-post","status-publish","format-standard","has-post-thumbnail","hentry","category-noticias"],"acf":[],"_links":{"self":[{"href":"https:\/\/www.celec.gob.ec\/celecsur\/wp-json\/wp\/v2\/posts\/1155","targetHints":{"allow":["GET"]}}],"collection":[{"href":"https:\/\/www.celec.gob.ec\/celecsur\/wp-json\/wp\/v2\/posts"}],"about":[{"href":"https:\/\/www.celec.gob.ec\/celecsur\/wp-json\/wp\/v2\/types\/post"}],"author":[{"embeddable":true,"href":"https:\/\/www.celec.gob.ec\/celecsur\/wp-json\/wp\/v2\/users\/1"}],"replies":[{"embeddable":true,"href":"https:\/\/www.celec.gob.ec\/celecsur\/wp-json\/wp\/v2\/comments?post=1155"}],"version-history":[{"count":0,"href":"https:\/\/www.celec.gob.ec\/celecsur\/wp-json\/wp\/v2\/posts\/1155\/revisions"}],"wp:featuredmedia":[{"embeddable":true,"href":"https:\/\/www.celec.gob.ec\/celecsur\/wp-json\/wp\/v2\/media\/1156"}],"wp:attachment":[{"href":"https:\/\/www.celec.gob.ec\/celecsur\/wp-json\/wp\/v2\/media?parent=1155"}],"wp:term":[{"taxonomy":"category","embeddable":true,"href":"https:\/\/www.celec.gob.ec\/celecsur\/wp-json\/wp\/v2\/categories?post=1155"},{"taxonomy":"post_tag","embeddable":true,"href":"https:\/\/www.celec.gob.ec\/celecsur\/wp-json\/wp\/v2\/tags?post=1155"}],"curies":[{"name":"wp","href":"https:\/\/api.w.org\/{rel}","templated":true}]}}