{"id":2468,"date":"2024-09-06T10:53:17","date_gmt":"2024-09-06T15:53:17","guid":{"rendered":"https:\/\/www.celec.gob.ec\/celecsur\/?p=2468"},"modified":"2024-09-06T10:53:19","modified_gmt":"2024-09-06T15:53:19","slug":"avanza-la-recuperacion-de-la-via-acceso-a-la-central-hidroelectrica-san-francisco","status":"publish","type":"post","link":"https:\/\/www.celec.gob.ec\/celecsur\/noticias\/avanza-la-recuperacion-de-la-via-acceso-a-la-central-hidroelectrica-san-francisco\/","title":{"rendered":"AVANZA LA RECUPERACI\u00d3N DE LA V\u00cdA ACCESO A LA CENTRAL HIDROEL\u00c9CTRICA SAN FRANCISCO"},"content":{"rendered":"\n<figure class=\"wp-block-image size-large\"><img loading=\"lazy\" decoding=\"async\" width=\"1024\" height=\"575\" src=\"https:\/\/www.celec.gob.ec\/celecsur\/wp-content\/uploads\/2024\/09\/Trabajos-San-Francisco-1024x575.jpg\" alt=\"\" class=\"wp-image-2469\" srcset=\"https:\/\/www.celec.gob.ec\/celecsur\/wp-content\/uploads\/2024\/09\/Trabajos-San-Francisco-1024x575.jpg 1024w, https:\/\/www.celec.gob.ec\/celecsur\/wp-content\/uploads\/2024\/09\/Trabajos-San-Francisco-300x168.jpg 300w, https:\/\/www.celec.gob.ec\/celecsur\/wp-content\/uploads\/2024\/09\/Trabajos-San-Francisco-768x431.jpg 768w, https:\/\/www.celec.gob.ec\/celecsur\/wp-content\/uploads\/2024\/09\/Trabajos-San-Francisco.jpg 1122w\" sizes=\"auto, (max-width: 1024px) 100vw, 1024px\" \/><\/figure>\n\n\n\n<p>a Corporaci\u00f3n El\u00e9ctrica del Ecuador, a trav\u00e9s de la Unidad de Negocio CELEC EP Hidroagoy\u00e1n, concluy\u00f3 la rehabilitaci\u00f3n de la primera parte de la v\u00eda de acceso a la central hidroel\u00e9ctrica San Francisco, de 212 MW, que result\u00f3 seriamente afectada por los aluviones de los d\u00edas 15 y 16 de junio.<\/p>\n\n\n\n<p>Los trabajos para recuperar la v\u00eda fueron desarrollados por t\u00e9cnicos y maquinaria de CELEC EP Hidroagoy\u00e1n, de otras unidades de negocio de todo el pa\u00eds y de la Comisi\u00f3n Ejecutora R\u00edo Coca, que se movilizaron hasta ese sector.<\/p>\n\n\n\n<p>Al momento ya es posible el paso de veh\u00edculos por la v\u00eda, con ciertas restricciones hasta concluir su reparaci\u00f3n, para acceder a casa de m\u00e1quinas.<\/p>\n\n\n\n<p>El crecimiento del caudal provoc\u00f3 tres afectaciones importantes en el acceso a la central San Francisco, como socavamientos de taludes al margen del r\u00edo Pastaza, p\u00e9rdida parcial de la estructura de la v\u00eda y desplazamiento horizontal, y da\u00f1o estructural del puente.<\/p>\n\n\n\n<p>El gerente de CELEC EP Hidroagoy\u00e1n, Jaime Astudillo, mantiene conversaciones con el Ministerio de Transporte y Obras P\u00fablicas con el objetivo de suscribir un convenio de cooperaci\u00f3n interinstitucional, que permitir\u00e1 la reparaci\u00f3n integral y definitiva de toda la v\u00eda, se espera que se concrete en unos pocos d\u00edas. Mientras avanzan las reparaciones, se han levantado protocolos para brindar el apoyo y seguridad que necesita el personal para desarrollar sus actividades.<\/p>\n","protected":false},"excerpt":{"rendered":"<p>a Corporaci\u00f3n El\u00e9ctrica del Ecuador, a trav\u00e9s de la Unidad de Negocio CELEC EP Hidroagoy\u00e1n, concluy\u00f3 la rehabilitaci\u00f3n de la primera parte de la v\u00eda de acceso a la central hidroel\u00e9ctrica San Francisco, de 212 MW, que result\u00f3 seriamente afectada por los aluviones de los d\u00edas 15 y 16 de junio. Los trabajos para recuperar [&hellip;]<\/p>\n","protected":false},"author":1,"featured_media":2469,"comment_status":"open","ping_status":"open","sticky":false,"template":"","format":"standard","meta":{"_acf_changed":false,"_themeisle_gutenberg_block_has_review":false,"footnotes":""},"categories":[7],"tags":[],"class_list":["post-2468","post","type-post","status-publish","format-standard","has-post-thumbnail","hentry","category-noticias"],"acf":[],"_links":{"self":[{"href":"https:\/\/www.celec.gob.ec\/celecsur\/wp-json\/wp\/v2\/posts\/2468","targetHints":{"allow":["GET"]}}],"collection":[{"href":"https:\/\/www.celec.gob.ec\/celecsur\/wp-json\/wp\/v2\/posts"}],"about":[{"href":"https:\/\/www.celec.gob.ec\/celecsur\/wp-json\/wp\/v2\/types\/post"}],"author":[{"embeddable":true,"href":"https:\/\/www.celec.gob.ec\/celecsur\/wp-json\/wp\/v2\/users\/1"}],"replies":[{"embeddable":true,"href":"https:\/\/www.celec.gob.ec\/celecsur\/wp-json\/wp\/v2\/comments?post=2468"}],"version-history":[{"count":1,"href":"https:\/\/www.celec.gob.ec\/celecsur\/wp-json\/wp\/v2\/posts\/2468\/revisions"}],"predecessor-version":[{"id":2470,"href":"https:\/\/www.celec.gob.ec\/celecsur\/wp-json\/wp\/v2\/posts\/2468\/revisions\/2470"}],"wp:featuredmedia":[{"embeddable":true,"href":"https:\/\/www.celec.gob.ec\/celecsur\/wp-json\/wp\/v2\/media\/2469"}],"wp:attachment":[{"href":"https:\/\/www.celec.gob.ec\/celecsur\/wp-json\/wp\/v2\/media?parent=2468"}],"wp:term":[{"taxonomy":"category","embeddable":true,"href":"https:\/\/www.celec.gob.ec\/celecsur\/wp-json\/wp\/v2\/categories?post=2468"},{"taxonomy":"post_tag","embeddable":true,"href":"https:\/\/www.celec.gob.ec\/celecsur\/wp-json\/wp\/v2\/tags?post=2468"}],"curies":[{"name":"wp","href":"https:\/\/api.w.org\/{rel}","templated":true}]}}