{"id":2602,"date":"2025-04-02T14:35:27","date_gmt":"2025-04-02T19:35:27","guid":{"rendered":"https:\/\/www.celec.gob.ec\/celecsur\/?p=2602"},"modified":"2025-04-02T14:35:29","modified_gmt":"2025-04-02T19:35:29","slug":"convocatoria-publica-celecep-2025-03078","status":"publish","type":"post","link":"https:\/\/www.celec.gob.ec\/celecsur\/noticias\/convocatoria-publica-celecep-2025-03078\/","title":{"rendered":"CONVOCATORIA PUBLICA -CELECEP-2025-03078"},"content":{"rendered":"\n<p>OBJETO DE LA CONTRATACI\u00d3N: \u201cSUR ESTUDIO PARA ACTUALIZAR DISE\u00d1OS DE MANTENIMIENTO DEL TUNEL DE FASE C DE LA CENTRAL MOLINO\u201d<\/p>\n\n\n\n<p>La Empresa P\u00fablica Estrat\u00e9gica Corporaci\u00f3n El\u00e9ctrica del Ecuador CELEC EP, Unidad de Negocio CELEC SUR, convoca a empresas consultoras, legalmente capaces para contratar, a que presenten sus manifestaciones de inter\u00e9s para participar en el procedimiento de contrataci\u00f3n Consultor\u00eda Lista Corta para la prestaci\u00f3n del servicio de \u201cSUR ESTUDIO PARA ACTUALIZAR DISE\u00d1OS DE MANTENIMIENTO DEL TUNEL DE FASE C DE LA CENTRAL MOLINO\u201d, para lo cual deben cumplir con los t\u00e9rminos de referencia, se\u00f1alados en este documento y demostrar la experiencia solicitada.<\/p>\n\n\n\n<p>Descargue aqu\u00ed la convocatoria: <\/p>\n\n\n\n<div class=\"wp-block-file\"><a id=\"wp-block-file--media-c2d11fb0-8b80-44aa-b341-7427f8fcbf5f\" href=\"https:\/\/www.celec.gob.ec\/celecsur\/wp-content\/uploads\/2025\/04\/DOC-20250401-WA0072.pdf\">DOC-20250401-WA0072.<\/a><a href=\"https:\/\/www.celec.gob.ec\/celecsur\/wp-content\/uploads\/2025\/04\/DOC-20250401-WA0072.pdf\" class=\"wp-block-file__button wp-element-button\" download aria-describedby=\"wp-block-file--media-c2d11fb0-8b80-44aa-b341-7427f8fcbf5f\">Descarga<\/a><\/div>\n\n\n\n<p><\/p>\n","protected":false},"excerpt":{"rendered":"<p>OBJETO DE LA CONTRATACI\u00d3N: \u201cSUR ESTUDIO PARA ACTUALIZAR DISE\u00d1OS DE MANTENIMIENTO DEL TUNEL DE FASE C DE LA CENTRAL MOLINO\u201d La Empresa P\u00fablica Estrat\u00e9gica Corporaci\u00f3n El\u00e9ctrica del Ecuador CELEC EP, Unidad de Negocio CELEC SUR, convoca a empresas consultoras, legalmente capaces para contratar, a que presenten sus manifestaciones de inter\u00e9s para participar en el procedimiento [&hellip;]<\/p>\n","protected":false},"author":13,"featured_media":0,"comment_status":"open","ping_status":"open","sticky":false,"template":"","format":"standard","meta":{"_acf_changed":false,"_themeisle_gutenberg_block_has_review":false,"footnotes":""},"categories":[7],"tags":[],"class_list":["post-2602","post","type-post","status-publish","format-standard","hentry","category-noticias"],"acf":[],"_links":{"self":[{"href":"https:\/\/www.celec.gob.ec\/celecsur\/wp-json\/wp\/v2\/posts\/2602","targetHints":{"allow":["GET"]}}],"collection":[{"href":"https:\/\/www.celec.gob.ec\/celecsur\/wp-json\/wp\/v2\/posts"}],"about":[{"href":"https:\/\/www.celec.gob.ec\/celecsur\/wp-json\/wp\/v2\/types\/post"}],"author":[{"embeddable":true,"href":"https:\/\/www.celec.gob.ec\/celecsur\/wp-json\/wp\/v2\/users\/13"}],"replies":[{"embeddable":true,"href":"https:\/\/www.celec.gob.ec\/celecsur\/wp-json\/wp\/v2\/comments?post=2602"}],"version-history":[{"count":1,"href":"https:\/\/www.celec.gob.ec\/celecsur\/wp-json\/wp\/v2\/posts\/2602\/revisions"}],"predecessor-version":[{"id":2604,"href":"https:\/\/www.celec.gob.ec\/celecsur\/wp-json\/wp\/v2\/posts\/2602\/revisions\/2604"}],"wp:attachment":[{"href":"https:\/\/www.celec.gob.ec\/celecsur\/wp-json\/wp\/v2\/media?parent=2602"}],"wp:term":[{"taxonomy":"category","embeddable":true,"href":"https:\/\/www.celec.gob.ec\/celecsur\/wp-json\/wp\/v2\/categories?post=2602"},{"taxonomy":"post_tag","embeddable":true,"href":"https:\/\/www.celec.gob.ec\/celecsur\/wp-json\/wp\/v2\/tags?post=2602"}],"curies":[{"name":"wp","href":"https:\/\/api.w.org\/{rel}","templated":true}]}}