{"id":2637,"date":"2025-04-25T11:53:53","date_gmt":"2025-04-25T16:53:53","guid":{"rendered":"https:\/\/www.celec.gob.ec\/celecsur\/?p=2637"},"modified":"2025-04-25T11:53:53","modified_gmt":"2025-04-25T16:53:53","slug":"gobierno-nacional-amplia-el-acceso-a-agua-potable-en-el-pan-azuay","status":"publish","type":"post","link":"https:\/\/www.celec.gob.ec\/celecsur\/noticias\/gobierno-nacional-amplia-el-acceso-a-agua-potable-en-el-pan-azuay\/","title":{"rendered":"Gobierno Nacional ampl\u00eda el acceso a agua potable en El Pan &#8211; Azuay"},"content":{"rendered":"\n<figure class=\"wp-block-image size-large\"><img loading=\"lazy\" decoding=\"async\" width=\"1024\" height=\"504\" src=\"https:\/\/www.celec.gob.ec\/celecsur\/wp-content\/uploads\/2025\/04\/Agua-El-Pan-1024x504.png\" alt=\"\" class=\"wp-image-2638\" srcset=\"https:\/\/www.celec.gob.ec\/celecsur\/wp-content\/uploads\/2025\/04\/Agua-El-Pan-1024x504.png 1024w, https:\/\/www.celec.gob.ec\/celecsur\/wp-content\/uploads\/2025\/04\/Agua-El-Pan-300x148.png 300w, https:\/\/www.celec.gob.ec\/celecsur\/wp-content\/uploads\/2025\/04\/Agua-El-Pan-768x378.png 768w, https:\/\/www.celec.gob.ec\/celecsur\/wp-content\/uploads\/2025\/04\/Agua-El-Pan.png 1263w\" sizes=\"auto, (max-width: 1024px) 100vw, 1024px\" \/><\/figure>\n\n\n\n<div style=\"height:29px\" aria-hidden=\"true\" class=\"wp-block-spacer\"><\/div>\n\n\n\n<p><strong><em>En el programa de inicio &nbsp;de ejecuci\u00f3n del proyecto estuvieron el gobernador, Santiago Malo; el alcalde de El Pan, Wilson Ram\u00edrez; t\u00e9cnicos de CELEC EP, &nbsp;y beneficiarios.<\/em><\/strong><\/p>\n\n\n\n<p><strong>21 de marzo de 2025.-<\/strong> Con el compromiso de fortalecer el desarrollo de las comunidades, el Gobierno Nacional, a trav\u00e9s de la Corporaci\u00f3n El\u00e9ctrica del Ecuador (CELEC EP), financia la construcci\u00f3n de la\u00a0 \u00a0tercera etapa del Sistema Integral de Agua Potable del cant\u00f3n El Pan, en la provincia del Azuay, zona de influencia del Complejo Hidroel\u00e9ctrico Paute Integral.<\/p>\n\n\n\n<p>&nbsp;El&nbsp; proyecto se desarrolla a trav\u00e9s de un convenio de cooperaci\u00f3n suscrito entre CELEC EP &#8211; Unidad de Negocio CELEC SUR y el Gobierno Aut\u00f3nomo Descentralizado de El Pan. La inversi\u00f3n total de la tercera etapa asciende a USD 1\u2019089.209,71, de los cuales CELEC EP aporta con USD 743.044,40, mientras que el GAD de El Pan contribuye con USD 346.165,33.<\/p>\n\n\n\n<p>La tercera etapa del sistema integral de agua potable incluye mejoras en los subsistemas del centro cantonal, as\u00ed como en los subsistemas de Tury, Culebrillas y San Francisco y sus respectivos sectores. Estas intervenciones permitir\u00e1n optimizar la infraestructura h\u00eddrica y garantizar un abastecimiento eficiente y sostenible del recurso.<\/p>\n\n\n\n<p>El compromiso de CELEC EP con esta obra, no solo se refleja en la tercera etapa, sino en la totalidad del proyecto, ya que la empresa ha participado y financiado las tres fases. El proyecto total supera los 2 millones de d\u00f3lares. Esta iniciativa beneficiar\u00e1 a 4.041 habitantes, con la cobertura del servicio para los pr\u00f3ximos 25 a\u00f1os, con lo que se mejorar\u00e1 la calidad de vida y la salud en la comunidad. A trav\u00e9s de esta cooperaci\u00f3n, el Gobierno del Nuevo Ecuador, a traves CELEC EP, ratifica el compromiso con la responsabilidad social y ambiental, impulsando proyectos que generan un impacto positivo en las zonas de influencia de sus operaciones. La mejora en el acceso a agua potable es una muestra del trabajo conjunto entre el sector p\u00fablico y las comunidades para promover el bienestar y el desarrollo sostenible.<\/p>\n","protected":false},"excerpt":{"rendered":"<p>En el programa de inicio &nbsp;de ejecuci\u00f3n del proyecto estuvieron el gobernador, Santiago Malo; el alcalde de El Pan, Wilson Ram\u00edrez; t\u00e9cnicos de CELEC EP, &nbsp;y beneficiarios. 21 de marzo de 2025.- Con el compromiso de fortalecer el desarrollo de las comunidades, el Gobierno Nacional, a trav\u00e9s de la Corporaci\u00f3n El\u00e9ctrica del Ecuador (CELEC EP), [&hellip;]<\/p>\n","protected":false},"author":13,"featured_media":2638,"comment_status":"open","ping_status":"open","sticky":false,"template":"","format":"standard","meta":{"_acf_changed":false,"_themeisle_gutenberg_block_has_review":false,"footnotes":""},"categories":[7],"tags":[],"class_list":["post-2637","post","type-post","status-publish","format-standard","has-post-thumbnail","hentry","category-noticias"],"acf":[],"_links":{"self":[{"href":"https:\/\/www.celec.gob.ec\/celecsur\/wp-json\/wp\/v2\/posts\/2637","targetHints":{"allow":["GET"]}}],"collection":[{"href":"https:\/\/www.celec.gob.ec\/celecsur\/wp-json\/wp\/v2\/posts"}],"about":[{"href":"https:\/\/www.celec.gob.ec\/celecsur\/wp-json\/wp\/v2\/types\/post"}],"author":[{"embeddable":true,"href":"https:\/\/www.celec.gob.ec\/celecsur\/wp-json\/wp\/v2\/users\/13"}],"replies":[{"embeddable":true,"href":"https:\/\/www.celec.gob.ec\/celecsur\/wp-json\/wp\/v2\/comments?post=2637"}],"version-history":[{"count":1,"href":"https:\/\/www.celec.gob.ec\/celecsur\/wp-json\/wp\/v2\/posts\/2637\/revisions"}],"predecessor-version":[{"id":2639,"href":"https:\/\/www.celec.gob.ec\/celecsur\/wp-json\/wp\/v2\/posts\/2637\/revisions\/2639"}],"wp:featuredmedia":[{"embeddable":true,"href":"https:\/\/www.celec.gob.ec\/celecsur\/wp-json\/wp\/v2\/media\/2638"}],"wp:attachment":[{"href":"https:\/\/www.celec.gob.ec\/celecsur\/wp-json\/wp\/v2\/media?parent=2637"}],"wp:term":[{"taxonomy":"category","embeddable":true,"href":"https:\/\/www.celec.gob.ec\/celecsur\/wp-json\/wp\/v2\/categories?post=2637"},{"taxonomy":"post_tag","embeddable":true,"href":"https:\/\/www.celec.gob.ec\/celecsur\/wp-json\/wp\/v2\/tags?post=2637"}],"curies":[{"name":"wp","href":"https:\/\/api.w.org\/{rel}","templated":true}]}}