{"id":2685,"date":"2025-06-06T15:02:46","date_gmt":"2025-06-06T20:02:46","guid":{"rendered":"https:\/\/www.celec.gob.ec\/celecsur\/?p=2685"},"modified":"2025-06-06T15:04:00","modified_gmt":"2025-06-06T20:04:00","slug":"convocatoria-feria-inclusiva-sur-servicio-de-extraccion-de-desechos-flotantes-y-vegetacion-acuatica-del-embalse-mazar","status":"publish","type":"post","link":"https:\/\/www.celec.gob.ec\/celecsur\/noticias\/convocatoria-feria-inclusiva-sur-servicio-de-extraccion-de-desechos-flotantes-y-vegetacion-acuatica-del-embalse-mazar\/","title":{"rendered":"CONVOCATORIA FERIA INCLUSIVA: \u201cSUR SERVICIO DE EXTRACCI\u00d3N DE DESECHOS FLOTANTES Y VEGETACI\u00d3N ACU\u00c1TICA DEL EMBALSE MAZAR\u201d"},"content":{"rendered":"\n<p><strong><em>OBJETO DE CONTRATACI\u00d3N:<\/em><\/strong><\/p>\n\n\n\n<p><strong><em>C\u00d3DIGO DEL PROCESO: FI-CELECEP-2025-03208<\/em><\/strong><\/p>\n\n\n\n<p><strong><em>\u201cSUR SERVICIO DE EXTRACCION DE DESECHOS FLOTANTES Y VEGETACION ACUATICA DEL EMBALSE MAZAR\u201d<\/em><\/strong><\/p>\n\n\n\n<p>La Unidad de Negocio CELEC SUR de la Corporaci\u00f3n El\u00e9ctrica del Ecuador CELEC EP de la Empresa P\u00fablica Estrat\u00e9gica CORPORACI\u00d3N EL\u00c9CTRICA DEL ECUADOR CELEC EP convoca a trav\u00e9s del Portal Institucional del Servicio Nacional de Contrataci\u00f3n P\u00fablica SERCOP, y del medio de comunicaci\u00f3n \u201c<strong>SEMILLA DE BEL\u00c9N<\/strong>\u201d, a todas las personas naturales o jur\u00eddicas, ya sea de manera individual o a trav\u00e9s de asociaciones o consorcios legalmente constituidos o compromiso de asociaci\u00f3n o consorcios, que est\u00e9n domiciliadas en el cant\u00f3n Guachapala, para la presentaci\u00f3n de ofertas para la contrataci\u00f3n del <strong>\u201cSUR SERVICIO DE EXTRACCI\u00d3N DE DESECHOS FLOTANTES Y VEGETACI\u00d3N ACU\u00c1TICA DEL EMBALSE MAZAR\u201d<\/strong>.<\/p>\n\n\n\n<p><strong>Descargue aqu\u00ed la convocatoria completa: <\/strong><\/p>\n\n\n\n<div style=\"height:37px\" aria-hidden=\"true\" class=\"wp-block-spacer\"><\/div>\n\n\n\n<div data-wp-interactive=\"core\/file\" class=\"wp-block-file\"><object data-wp-bind--hidden=\"!state.hasPdfPreview\" hidden class=\"wp-block-file__embed\" data=\"https:\/\/www.celec.gob.ec\/celecsur\/wp-content\/uploads\/2025\/06\/Convocatoria-FI-CELECEP-2025-03208.pdf\" type=\"application\/pdf\" style=\"width:100%;height:600px\" aria-label=\"Incrustado de Convocatoria FI-CELECEP-2025-03208.\"><\/object><a id=\"wp-block-file--media-2981fe0c-9d06-43a7-9d82-a2f2746e3590\" href=\"https:\/\/www.celec.gob.ec\/celecsur\/wp-content\/uploads\/2025\/06\/Convocatoria-FI-CELECEP-2025-03208.pdf\">Convocatoria FI-CELECEP-2025-03208<\/a><a href=\"https:\/\/www.celec.gob.ec\/celecsur\/wp-content\/uploads\/2025\/06\/Convocatoria-FI-CELECEP-2025-03208.pdf\" class=\"wp-block-file__button wp-element-button\" download aria-describedby=\"wp-block-file--media-2981fe0c-9d06-43a7-9d82-a2f2746e3590\">Descarga<\/a><\/div>\n","protected":false},"excerpt":{"rendered":"<p>OBJETO DE CONTRATACI\u00d3N: C\u00d3DIGO DEL PROCESO: FI-CELECEP-2025-03208 \u201cSUR SERVICIO DE EXTRACCION DE DESECHOS FLOTANTES Y VEGETACION ACUATICA DEL EMBALSE MAZAR\u201d La Unidad de Negocio CELEC SUR de la Corporaci\u00f3n El\u00e9ctrica del Ecuador CELEC EP de la Empresa P\u00fablica Estrat\u00e9gica CORPORACI\u00d3N EL\u00c9CTRICA DEL ECUADOR CELEC EP convoca a trav\u00e9s del Portal Institucional del Servicio Nacional de [&hellip;]<\/p>\n","protected":false},"author":13,"featured_media":0,"comment_status":"open","ping_status":"open","sticky":false,"template":"","format":"standard","meta":{"_acf_changed":false,"_themeisle_gutenberg_block_has_review":false,"footnotes":""},"categories":[7],"tags":[],"class_list":["post-2685","post","type-post","status-publish","format-standard","hentry","category-noticias"],"acf":[],"_links":{"self":[{"href":"https:\/\/www.celec.gob.ec\/celecsur\/wp-json\/wp\/v2\/posts\/2685","targetHints":{"allow":["GET"]}}],"collection":[{"href":"https:\/\/www.celec.gob.ec\/celecsur\/wp-json\/wp\/v2\/posts"}],"about":[{"href":"https:\/\/www.celec.gob.ec\/celecsur\/wp-json\/wp\/v2\/types\/post"}],"author":[{"embeddable":true,"href":"https:\/\/www.celec.gob.ec\/celecsur\/wp-json\/wp\/v2\/users\/13"}],"replies":[{"embeddable":true,"href":"https:\/\/www.celec.gob.ec\/celecsur\/wp-json\/wp\/v2\/comments?post=2685"}],"version-history":[{"count":2,"href":"https:\/\/www.celec.gob.ec\/celecsur\/wp-json\/wp\/v2\/posts\/2685\/revisions"}],"predecessor-version":[{"id":2688,"href":"https:\/\/www.celec.gob.ec\/celecsur\/wp-json\/wp\/v2\/posts\/2685\/revisions\/2688"}],"wp:attachment":[{"href":"https:\/\/www.celec.gob.ec\/celecsur\/wp-json\/wp\/v2\/media?parent=2685"}],"wp:term":[{"taxonomy":"category","embeddable":true,"href":"https:\/\/www.celec.gob.ec\/celecsur\/wp-json\/wp\/v2\/categories?post=2685"},{"taxonomy":"post_tag","embeddable":true,"href":"https:\/\/www.celec.gob.ec\/celecsur\/wp-json\/wp\/v2\/tags?post=2685"}],"curies":[{"name":"wp","href":"https:\/\/api.w.org\/{rel}","templated":true}]}}