{"id":2742,"date":"2025-09-22T09:17:20","date_gmt":"2025-09-22T14:17:20","guid":{"rendered":"https:\/\/www.celec.gob.ec\/celecsur\/?p=2742"},"modified":"2025-10-01T15:04:20","modified_gmt":"2025-10-01T20:04:20","slug":"molino-la-central-mas-grande-del-paute-integral-ya-opera-con-1-100-mw-tras-mantenimiento-exitoso","status":"publish","type":"post","link":"https:\/\/www.celec.gob.ec\/celecsur\/noticias\/molino-la-central-mas-grande-del-paute-integral-ya-opera-con-1-100-mw-tras-mantenimiento-exitoso\/","title":{"rendered":"Molino, la central m\u00e1s grande del Paute Integral, ya opera con 1.100 MW tras mantenimiento exitoso"},"content":{"rendered":"\n<figure class=\"wp-block-image size-full is-resized\"><img loading=\"lazy\" decoding=\"async\" width=\"567\" height=\"360\" src=\"https:\/\/www.celec.gob.ec\/celecsur\/wp-content\/uploads\/2025\/09\/U02-Mant.jpg\" alt=\"\" class=\"wp-image-2743\" style=\"width:596px;height:auto\" srcset=\"https:\/\/www.celec.gob.ec\/celecsur\/wp-content\/uploads\/2025\/09\/U02-Mant.jpg 567w, https:\/\/www.celec.gob.ec\/celecsur\/wp-content\/uploads\/2025\/09\/U02-Mant-300x190.jpg 300w\" sizes=\"auto, (max-width: 567px) 100vw, 567px\" \/><\/figure>\n\n\n\n<p><strong>Escaneo 3D del rodete de la turbina de la Unidad 2 de la central Molino<\/strong><\/p>\n\n\n\n<p><strong>La central hidroel\u00e9ctrica Molino<\/strong>, la m\u00e1s grande del Complejo Paute Integral y la segunda con mayor capacidad instalada del pa\u00eds, <strong>se encuentra en completa disponibilidad para aportar 1.100 Megavatios (MW) al Sistema Nacional Interconectado<\/strong>, despu\u00e9s de terminar con \u00e9xito el mantenimiento programado de 8.000 horas de operaci\u00f3n de la Unidad de Generaci\u00f3n 2.<\/p>\n\n\n\n<p>A las 20h13 del 17 de septiembre, personal t\u00e9cnico de CELEC EP notific\u00f3 al Operador Nacional de Electricidad (CENACE) la finalizaci\u00f3n de los trabajos y la disponibilidad de la unidad, que desde ese momento se encuentra en plena operatividad.<\/p>\n\n\n\n<p>Con la culminaci\u00f3n del mantenimiento de la Unidad de Generaci\u00f3n 2, se reincorporaron 105 MW al Sistema Nacional Interconectado, lo que permite que la central Molino opere nuevamente a su m\u00e1xima capacidad de 1.100 MW. Esta central cuenta con 10 unidades de generaci\u00f3n: cinco correspondientes a la fase AB, con 105 MW cada una, y cinco de la fase C, con 115 MW cada una.<\/p>\n\n\n\n<p>Estos trabajos se realizan en cumplimiento efectivo del plan de mantenimiento preventivo de las centrales que administra la Corporaci\u00f3n El\u00e9ctrica del Ecuador \u2013 CELEC EP, a trav\u00e9s de su Unidad de Negocio CELEC SUR.<\/p>\n\n\n\n<p>Esta intervenci\u00f3n incluy\u00f3 el tratamiento de aceite de las cajas de terminales de alta tensi\u00f3n del transformador principal, el ajuste de componentes de la v\u00e1lvula esf\u00e9rica y el mantenimiento del regulador de velocidad.<\/p>\n\n\n\n<p>El jefe de la central, Ing. Wilson Enr\u00edquez, destac\u00f3 que se cont\u00f3 con el respaldo t\u00e9cnico del Centro de Investigaci\u00f3n y Recuperaci\u00f3n de Turbinas (CIRT) de la Unidad de Negocio HIDROAGOY\u00c1N, que realiz\u00f3 la inspecci\u00f3n y el escaneo 3D del rodete de la turbina, con el fin de anticipar posibles afectaciones en los equipos y garantizar su \u00f3ptimo funcionamiento. Estas acciones demuestran la capacidad t\u00e9cnica interna de CELEC EP y la optimizaci\u00f3n de recursos disponibles.<\/p>\n\n\n\n<p>Adicionalmente, para esta intervenci\u00f3n se implementaron estrategias de trabajo: el apoyo de personal t\u00e9cnico de otras centrales de CELEC SUR, la ampliaci\u00f3n de jornadas laborales y la ejecuci\u00f3n de turnos extraordinarios. Estas medidas hicieron posible culminar el mantenimiento en un per\u00edodo menor al requerido en procesos similares, logrando una intervenci\u00f3n m\u00e1s eficiente.<\/p>\n\n\n\n<p>Con estas acciones, el Gobierno de El Nuevo Ecuador, a trav\u00e9s de CELEC EP, reafirma su compromiso de garantizar la continuidad y confiabilidad en la provisi\u00f3n de energ\u00eda limpia para el pa\u00eds. <\/p>\n","protected":false},"excerpt":{"rendered":"<p>Escaneo 3D del rodete de la turbina de la Unidad 2 de la central Molino La central hidroel\u00e9ctrica Molino, la m\u00e1s grande del Complejo Paute Integral y la segunda con mayor capacidad instalada del pa\u00eds, se encuentra en completa disponibilidad para aportar 1.100 Megavatios (MW) al Sistema Nacional Interconectado, despu\u00e9s de terminar con \u00e9xito el [&hellip;]<\/p>\n","protected":false},"author":13,"featured_media":2743,"comment_status":"open","ping_status":"open","sticky":false,"template":"","format":"standard","meta":{"_acf_changed":false,"_themeisle_gutenberg_block_has_review":false,"footnotes":""},"categories":[7],"tags":[],"class_list":["post-2742","post","type-post","status-publish","format-standard","has-post-thumbnail","hentry","category-noticias"],"acf":[],"_links":{"self":[{"href":"https:\/\/www.celec.gob.ec\/celecsur\/wp-json\/wp\/v2\/posts\/2742","targetHints":{"allow":["GET"]}}],"collection":[{"href":"https:\/\/www.celec.gob.ec\/celecsur\/wp-json\/wp\/v2\/posts"}],"about":[{"href":"https:\/\/www.celec.gob.ec\/celecsur\/wp-json\/wp\/v2\/types\/post"}],"author":[{"embeddable":true,"href":"https:\/\/www.celec.gob.ec\/celecsur\/wp-json\/wp\/v2\/users\/13"}],"replies":[{"embeddable":true,"href":"https:\/\/www.celec.gob.ec\/celecsur\/wp-json\/wp\/v2\/comments?post=2742"}],"version-history":[{"count":2,"href":"https:\/\/www.celec.gob.ec\/celecsur\/wp-json\/wp\/v2\/posts\/2742\/revisions"}],"predecessor-version":[{"id":2760,"href":"https:\/\/www.celec.gob.ec\/celecsur\/wp-json\/wp\/v2\/posts\/2742\/revisions\/2760"}],"wp:featuredmedia":[{"embeddable":true,"href":"https:\/\/www.celec.gob.ec\/celecsur\/wp-json\/wp\/v2\/media\/2743"}],"wp:attachment":[{"href":"https:\/\/www.celec.gob.ec\/celecsur\/wp-json\/wp\/v2\/media?parent=2742"}],"wp:term":[{"taxonomy":"category","embeddable":true,"href":"https:\/\/www.celec.gob.ec\/celecsur\/wp-json\/wp\/v2\/categories?post=2742"},{"taxonomy":"post_tag","embeddable":true,"href":"https:\/\/www.celec.gob.ec\/celecsur\/wp-json\/wp\/v2\/tags?post=2742"}],"curies":[{"name":"wp","href":"https:\/\/api.w.org\/{rel}","templated":true}]}}