{"id":375,"date":"2021-02-25T17:09:32","date_gmt":"2021-02-25T22:09:32","guid":{"rendered":"https:\/\/www.celec.gob.ec\/celecsur\/?p=407"},"modified":"2023-05-18T11:13:33","modified_gmt":"2023-05-18T16:13:33","slug":"inicia-el-proceso-de-modernizacion-de-las-centrales-hidroelectricas-agoyan-y-san-francisco-2","status":"publish","type":"post","link":"https:\/\/www.celec.gob.ec\/celecsur\/noticias\/inicia-el-proceso-de-modernizacion-de-las-centrales-hidroelectricas-agoyan-y-san-francisco-2\/","title":{"rendered":"Inicia el proceso de modernizaci\u00f3n de las centrales hidroel\u00e9ctricas Agoy\u00e1n y San Francisco"},"content":{"rendered":"<p><img loading=\"lazy\" decoding=\"async\" class=\" size-full wp-image-403\" src=\"https:\/\/www.celec.gob.ec\/celecsur\/wp-content\/uploads\/2021\/02\/Modernzacin_Agoyan.jpg\" alt=\"\" width=\"500\" height=\"285\" style=\"display: block; margin-left: auto; margin-right: auto;\" \/><\/p>\n<p><strong><em>\u00a0 \u00a0 \u00a0 \u00a0 \u00a0 \u00a0 \u00a0 \u00a0 \u00a0 \u00a0 \u00a0 \u00a0 \u00a0 \u00a0 \u00a0 \u00a0 \u00a0 \u00a0 \u00a0 \u00a0 \u00a0 \u00a0 \u00a0 \u00a0 \u00a0 \u00a0 \u00a0 \u00a0 \u00a0 \u00a0 \u00a0 \u00a0 \u00a0\u00a0<span style=\"font-size: 8pt;\"> Ing. Jaime Nasimba, operador Casa de M\u00e1quinas, en la Sala de Control de la central hidroel\u00e9ctrica Agoy\u00e1n.<\/span><\/em><\/strong><\/p>\n<p>Los sistemas de control de las centrales hidroel\u00e9ctricas Agoy\u00e1n (156 megavatios) y San Francisco (212 megavatios) ubicadas en Ba\u00f1os de Agua Santa (Tungurahua),\u00a0 y operadas por la Corporaci\u00f3n El\u00e9ctrica del Ecuador (CELEC EP), ser\u00e1n modernizados. El personal del Departamento de Ingenier\u00eda de la Producci\u00f3n de la Unidad de Negocio CELEC EP &#8211; HIDROAGOY\u00c1N, en coordinaci\u00f3n con los t\u00e9cnicos de las dos centrales, pusieron en marcha este ambicioso proyecto, que se ejecutar\u00e1 durante los a\u00f1os 2021 y 2022.<\/p>\n<p>En el a\u00f1o 2006, previo a la entrada en operaci\u00f3n de la central San Francisco, se implement\u00f3 un Sistema Digital de Supervisi\u00f3n y Control, denominado SDSC Agoy\u00e1n &#8211; San Francisco, que interconecta los sistemas de control de las unidades de generaci\u00f3n, lo que produce una operaci\u00f3n coordinada de las hidroel\u00e9ctricas.<\/p>\n<p>Este sistema sigue operativo, pero debido a los a\u00f1os de servicio ha ido perdiendo vigencia, lo que dificulta la obtenci\u00f3n de repuestos. Inclusive su actualizaci\u00f3n e implementaci\u00f3n de mejoras en el control de par\u00e1metros tiene limitaciones, por lo se hace necesario su modernizaci\u00f3n, coment\u00f3 Javier Callejas, gerente de la Unidad de Negocio Hidroagoy\u00e1n.<\/p>\n<p><!--more--><\/p>\n<p>Acot\u00f3 que la renovaci\u00f3n de este sistema radica tambi\u00e9n en la mejora continua que se viene realizando en la Unidad de Negocio Hidroagoy\u00e1n, debido a que las centrales hidroel\u00e9ctricas llevan ya varias d\u00e9cadas produciendo energ\u00eda hidroel\u00e9ctrica, por lo que es necesario repotenciar los sistemas y equipos para mantener altos niveles de disponibilidad y confiabilidad que garanticen la producci\u00f3n de energ\u00eda por muchos a\u00f1os m\u00e1s.<\/p>\n<p>Con la experiencia obtenida en la modernizaci\u00f3n de la central hidroel\u00e9ctrica Pucar\u00e1, de 73 megavatios, \u00a0realizada en el 2018, los t\u00e9cnicos del \u00c1rea de Ingenier\u00eda realizaron los estudios y dise\u00f1aron este proyecto, que tiene como principal prop\u00f3sito eliminar la dependencia tecnol\u00f3gica del Sistema actual, por un sistema abierto, que se adapte a las necesidades de las dos centrales Agoy\u00e1n-San Francisco. Esto permitir\u00e1 que los t\u00e9cnicos desarrollen la ingenier\u00eda y su correspondiente gesti\u00f3n de operaci\u00f3n y mantenimiento.<\/p>\n<p>Se tiene previsto que este sistema se encuentre totalmente instalado en el 2022, en este a\u00f1o se realizar\u00e1 todo el proceso de contrataci\u00f3n e inicio de la implementaci\u00f3n.<\/p>\n<p>En 1987 entr\u00f3 en operaci\u00f3n la central Agoy\u00e1n y en el 2007 la central San Francisco, la potencia que generan ambas centrales alcanza un total de 368 megavatios que son entregados al Sistema Nacional Interconectado.<\/p>\n<p>Fecha de publicaci\u00f3n: 23 de febrero de 2021.<\/p>\n","protected":false},"excerpt":{"rendered":"<p>\u00a0 \u00a0 \u00a0 \u00a0 \u00a0 \u00a0 \u00a0 \u00a0 \u00a0 \u00a0 \u00a0 \u00a0 \u00a0 \u00a0 \u00a0 \u00a0 \u00a0 \u00a0 \u00a0 \u00a0 \u00a0 \u00a0 \u00a0 \u00a0 \u00a0 \u00a0 \u00a0 \u00a0 \u00a0 \u00a0 \u00a0 \u00a0 \u00a0\u00a0 Ing. Jaime Nasimba, operador Casa de M\u00e1quinas, en la Sala de Control de la central hidroel\u00e9ctrica Agoy\u00e1n. Los sistemas de control de [&hellip;]<\/p>\n","protected":false},"author":1,"featured_media":376,"comment_status":"open","ping_status":"open","sticky":false,"template":"","format":"standard","meta":{"_acf_changed":false,"_themeisle_gutenberg_block_has_review":false,"footnotes":""},"categories":[7],"tags":[],"class_list":["post-375","post","type-post","status-publish","format-standard","has-post-thumbnail","hentry","category-noticias"],"acf":[],"_links":{"self":[{"href":"https:\/\/www.celec.gob.ec\/celecsur\/wp-json\/wp\/v2\/posts\/375","targetHints":{"allow":["GET"]}}],"collection":[{"href":"https:\/\/www.celec.gob.ec\/celecsur\/wp-json\/wp\/v2\/posts"}],"about":[{"href":"https:\/\/www.celec.gob.ec\/celecsur\/wp-json\/wp\/v2\/types\/post"}],"author":[{"embeddable":true,"href":"https:\/\/www.celec.gob.ec\/celecsur\/wp-json\/wp\/v2\/users\/1"}],"replies":[{"embeddable":true,"href":"https:\/\/www.celec.gob.ec\/celecsur\/wp-json\/wp\/v2\/comments?post=375"}],"version-history":[{"count":0,"href":"https:\/\/www.celec.gob.ec\/celecsur\/wp-json\/wp\/v2\/posts\/375\/revisions"}],"wp:featuredmedia":[{"embeddable":true,"href":"https:\/\/www.celec.gob.ec\/celecsur\/wp-json\/wp\/v2\/media\/376"}],"wp:attachment":[{"href":"https:\/\/www.celec.gob.ec\/celecsur\/wp-json\/wp\/v2\/media?parent=375"}],"wp:term":[{"taxonomy":"category","embeddable":true,"href":"https:\/\/www.celec.gob.ec\/celecsur\/wp-json\/wp\/v2\/categories?post=375"},{"taxonomy":"post_tag","embeddable":true,"href":"https:\/\/www.celec.gob.ec\/celecsur\/wp-json\/wp\/v2\/tags?post=375"}],"curies":[{"name":"wp","href":"https:\/\/api.w.org\/{rel}","templated":true}]}}