{"id":385,"date":"2021-02-18T02:56:42","date_gmt":"2021-02-18T07:56:42","guid":{"rendered":"https:\/\/www.celec.gob.ec\/celecsur\/?p=396"},"modified":"2023-05-18T11:13:35","modified_gmt":"2023-05-18T16:13:35","slug":"gobierno-nacional-entrego-nuevo-sistema-de-transmision-que-fortalece-el-servicio-electrico-en-manabi-para-los-proximos-30-anos","status":"publish","type":"post","link":"https:\/\/www.celec.gob.ec\/celecsur\/noticias\/gobierno-nacional-entrego-nuevo-sistema-de-transmision-que-fortalece-el-servicio-electrico-en-manabi-para-los-proximos-30-anos\/","title":{"rendered":"Gobierno Nacional entreg\u00f3 nuevo sistema de transmisi\u00f3n que fortalece el servicio el\u00e9ctrico en Manab\u00ed para los pr\u00f3ximos 30 a\u00f1os"},"content":{"rendered":"<p><img loading=\"lazy\" decoding=\"async\" class=\" size-full wp-image-394\" src=\"https:\/\/www.celec.gob.ec\/celecsur\/wp-content\/uploads\/2021\/02\/NuevoSistemaSanJuan.jpg\" alt=\"\" width=\"488\" height=\"326\" style=\"display: block; margin-left: auto; margin-right: auto;\" \/><\/p>\n<p><strong>\u00a0 \u00a0 \u00a0 \u00a0 \u00a0 \u00a0 \u00a0 \u00a0 \u00a0 \u00a0 \u00a0 \u00a0 \u00a0 \u00a0 \u00a0 \u00a0 \u00a0 \u00a0 \u00a0 \u00a0 \u00a0 \u00a0 \u00a0 \u00a0 \u00a0 \u00a0 \u00a0 \u00a0 \u00a0 \u00a0 \u00a0 \u00a0 \u00a0 L<\/strong><strong>a inauguraci\u00f3n del nuevo sistema de transmisi\u00f3n se desarroll\u00f3 en la Subestaci\u00f3n San Juan de Manta.<\/strong><\/p>\n<p><strong><\/strong><\/p>\n<p>Este jueves, 11 de febrero de 2020, el Gobierno Nacional entreg\u00f3 el nuevo sistema de transmisi\u00f3n Quevedo-San Gregorio-San Juan de Manta a 230 mil voltios, obra que fortalece el servicio el\u00e9ctrico en la provincia de Manab\u00ed para los pr\u00f3ximos 30 a\u00f1os. El acto se desarroll\u00f3 en la subestaci\u00f3n San Juan de\u00a0 Manta (provincia de Manab\u00ed) y cont\u00f3 con\u00a0 la presencia de Galo Segarra, subsecretario de Distribuci\u00f3n y Comercializaci\u00f3n de Energ\u00eda El\u00e9ctrica, en representaci\u00f3n del Ministro de Energ\u00eda y Recursos Naturales No Renovables, Ren\u00e9 Ortiz; del gerente general de la Corporaci\u00f3n El\u00e9ctrica del Ecuador, Gonzalo Uquillas Vallejo; del gerente de la Unidad de Negocio CELEC EP-Transelectric, Ra\u00fal Canelos, y autoridades de Manab\u00ed.<\/p>\n<p>Con una inversi\u00f3n de USD 44.3 millones, el nuevo sistema dota de un nuevo punto de conexi\u00f3n desde el Sistema Nacional de Transmisi\u00f3n (SNT) a la provincia de Manab\u00ed, especialmente a la zona centro, lo que permitir\u00e1 impulsar el desarrollo tur\u00edstico, acu\u00edcola, agroindustrial, comercial y residencial de la provincia, a trav\u00e9s de la entrega de un servicio el\u00e9ctrico confiable y seguro.<\/p>\n<p>Con esta y otras obras, el Gobierno Nacional, a trav\u00e9s del Ministerio de Energ\u00eda y Recursos Naturales No Renovables, mejora el servicio el\u00e9ctrico para la provincia de Manab\u00ed y promueve su desarrollo\u00a0 productivo y econ\u00f3mico, con un servicio el\u00e9ctrico confiable, seguro y de \u00f3ptima calidad. El sector el\u00e9ctrico no se detiene, contin\u00faa con el desarrollo de obras para expandir y garantizar el servicio el\u00e9ctrico a escala nacional, coment\u00f3 Galo Segarra.<\/p>\n<p>La Corporaci\u00f3n El\u00e9ctrica del Ecuador (CELEC EP), a trav\u00e9s de su Unidad de Negocio Transelectric, construy\u00f3 el\u00a0 sistema de transmisi\u00f3n Quevedo \u2013 San Gregorio \u2013 San Juan de Manta a\u00a0 230 mil voltios, que\u00a0 aportar\u00e1 a la confiabilidad y mejoramiento de la calidad del abastecimiento de la energ\u00eda el\u00e9ctrica actual y futura a la empresa distribuidora CNEL EP &#8211; Manab\u00ed y sus zonas de influencia, lo que mejorar\u00e1 las condiciones de seguridad del servicio de trasmisi\u00f3n de energ\u00eda el\u00e9ctrica, destac\u00f3 Ra\u00fal Canelos.<\/p>\n<p>Las obras\u00a0 que conforman el nuevo sistema\u00a0 de transmisi\u00f3n son:<\/p>\n<ul>\n<li>L\u00ednea de transmisi\u00f3n San Gregorio \u2013 San Juan de Manta a 230 mil voltios.<\/li>\n<li>Subestaci\u00f3n San Juan de Manta, 230\/69\u00a0kV, 225 MVA.<\/li>\n<li>Ampliaci\u00f3n subestaci\u00f3n Quevedo, bah\u00eda de l\u00ednea a 230\u00a0mil voltios.<\/li>\n<li>Ampliaci\u00f3n subestaci\u00f3n San Gregorio, patio 230 mil voltios.<\/li>\n<\/ul>\n<p>Adem\u00e1s, la subestaci\u00f3n San Juan de Manta ser\u00e1 el punto de entrega de energ\u00eda de la nueva central fotovoltaica El Aromo, que se interconectar\u00e1n a trav\u00e9s de una l\u00ednea de 7 kil\u00f3metros.\u00a0 El Aromo tendr\u00e1 una potencia instalada de\u00a0 200 megavatios y su producci\u00f3n energ\u00e9tica ingresar\u00e1 al Sistema Nacional de Transmisi\u00f3n \u2013SNT- lo cual mejorar\u00e1 y aumentar\u00e1 la confiabilidad del servicio de energ\u00eda el\u00e9ctrica para todos los ecuatorianos, espec\u00edficamente para la zona de Manab\u00ed, destac\u00f3 Gonzalo Uquillas Vallejo.<\/p>\n<p><img loading=\"lazy\" decoding=\"async\" class=\" size-full wp-image-395\" src=\"https:\/\/www.celec.gob.ec\/celecsur\/wp-content\/uploads\/2021\/02\/San_Juan.jpg\" alt=\"\" width=\"567\" height=\"380\" \/><\/p>\n<p><!--more--><\/p>\n<p><strong>La subestaci\u00f3n San Juan de Manta tambi\u00e9n recibir\u00e1 la energ\u00eda de la central fotovoltaica El Aromo.<\/strong><\/p>\n<p>Este nuevo sistema de transmisi\u00f3n el\u00e9ctrica beneficia a 632.997 habitantes de los cantones de la zona centro de Manab\u00ed: Manta, Portoviejo, Rocafuerte, Tosagua, Jun\u00edn, Bol\u00edvar, Santa Ana y 24 de Mayo.\u00a0 Durante la ejecuci\u00f3n de este sistema de transmisi\u00f3n se gener\u00f3 400 plazas de trabajo, directas e indirectas, activando la econom\u00eda de las zonas de influencia.<\/p>\n<p>Fecha de publicaci\u00f3n: 11 de febrero de 2020.<\/p>\n","protected":false},"excerpt":{"rendered":"<p>\u00a0 \u00a0 \u00a0 \u00a0 \u00a0 \u00a0 \u00a0 \u00a0 \u00a0 \u00a0 \u00a0 \u00a0 \u00a0 \u00a0 \u00a0 \u00a0 \u00a0 \u00a0 \u00a0 \u00a0 \u00a0 \u00a0 \u00a0 \u00a0 \u00a0 \u00a0 \u00a0 \u00a0 \u00a0 \u00a0 \u00a0 \u00a0 \u00a0 La inauguraci\u00f3n del nuevo sistema de transmisi\u00f3n se desarroll\u00f3 en la Subestaci\u00f3n San Juan de Manta. Este jueves, 11 de febrero de [&hellip;]<\/p>\n","protected":false},"author":1,"featured_media":386,"comment_status":"open","ping_status":"open","sticky":false,"template":"","format":"standard","meta":{"_acf_changed":false,"_themeisle_gutenberg_block_has_review":false,"footnotes":""},"categories":[7],"tags":[],"class_list":["post-385","post","type-post","status-publish","format-standard","has-post-thumbnail","hentry","category-noticias"],"acf":[],"_links":{"self":[{"href":"https:\/\/www.celec.gob.ec\/celecsur\/wp-json\/wp\/v2\/posts\/385","targetHints":{"allow":["GET"]}}],"collection":[{"href":"https:\/\/www.celec.gob.ec\/celecsur\/wp-json\/wp\/v2\/posts"}],"about":[{"href":"https:\/\/www.celec.gob.ec\/celecsur\/wp-json\/wp\/v2\/types\/post"}],"author":[{"embeddable":true,"href":"https:\/\/www.celec.gob.ec\/celecsur\/wp-json\/wp\/v2\/users\/1"}],"replies":[{"embeddable":true,"href":"https:\/\/www.celec.gob.ec\/celecsur\/wp-json\/wp\/v2\/comments?post=385"}],"version-history":[{"count":0,"href":"https:\/\/www.celec.gob.ec\/celecsur\/wp-json\/wp\/v2\/posts\/385\/revisions"}],"wp:featuredmedia":[{"embeddable":true,"href":"https:\/\/www.celec.gob.ec\/celecsur\/wp-json\/wp\/v2\/media\/386"}],"wp:attachment":[{"href":"https:\/\/www.celec.gob.ec\/celecsur\/wp-json\/wp\/v2\/media?parent=385"}],"wp:term":[{"taxonomy":"category","embeddable":true,"href":"https:\/\/www.celec.gob.ec\/celecsur\/wp-json\/wp\/v2\/categories?post=385"},{"taxonomy":"post_tag","embeddable":true,"href":"https:\/\/www.celec.gob.ec\/celecsur\/wp-json\/wp\/v2\/tags?post=385"}],"curies":[{"name":"wp","href":"https:\/\/api.w.org\/{rel}","templated":true}]}}