{"id":388,"date":"2021-02-18T02:52:27","date_gmt":"2021-02-18T07:52:27","guid":{"rendered":"https:\/\/www.celec.gob.ec\/celecsur\/?p=393"},"modified":"2023-05-18T11:13:36","modified_gmt":"2023-05-18T16:13:36","slug":"celec-ep-realizo-proceso-de-feria-inclusiva-y-genero-empleo-en-la-comunidad","status":"publish","type":"post","link":"https:\/\/www.celec.gob.ec\/celecsur\/noticias\/celec-ep-realizo-proceso-de-feria-inclusiva-y-genero-empleo-en-la-comunidad\/","title":{"rendered":"CELEC EP realiz\u00f3 proceso de feria inclusiva y gener\u00f3 empleo en la comunidad"},"content":{"rendered":"<p><img loading=\"lazy\" decoding=\"async\" class=\" size-full wp-image-392\" src=\"https:\/\/www.celec.gob.ec\/celecsur\/wp-content\/uploads\/2021\/02\/FeriaInclusiva.jpeg\" alt=\"\" width=\"517\" height=\"388\" style=\"display: block; margin-left: auto; margin-right: auto;\" \/><\/p>\n<p>La Corporaci\u00f3n El\u00e9ctrica del Ecuador (CELEC EP), a trav\u00e9s\u00a0 de la Unidad de Negocio CELEC EP &#8211; Termogas Machala, realiz\u00f3 un proceso de feria inclusiva, seg\u00fan la Normativa de Contrataci\u00f3n P\u00fablica, para la contrataci\u00f3n de servicios de mantenimiento el\u00e9ctrico y mec\u00e1nico de sus instalaciones operativas. Este mecanismo permite a las instituciones p\u00fablicas la contrataci\u00f3n de bienes, servicios, obras, servicios de construcci\u00f3n, reparaci\u00f3n, refacci\u00f3n, remodelaci\u00f3n, adecuaci\u00f3n o mejora de una construcci\u00f3n o infraestructura ya existente<\/p>\n<p>Uno de los\u00a0motivos\u00a0\u00a0para realizar este tipo de contrataci\u00f3n\u00a0es\u00a0el de contar con la participaci\u00f3n\u00a0de proveedores de la Econom\u00eda Popular y Solidarias y Microempresarios, domiciliados en el \u00e1rea de influencia de la central Termogas Machala, como lo son Bajo Alto, Tendales, Barbones y El Guabo, a quienes se les realiz\u00f3 la convocatoria a trav\u00e9s de la Radio P\u00fablica El Guabo.\u00a0<\/p>\n<p>Este tipo de procedimiento, otorga puntajes a los participantes que cumplan con criterios de inclusi\u00f3n establecidos en la Codificaci\u00f3n y Actualizaci\u00f3n de Resoluciones del SERCOP, tales como: asociatividad, criterio de igualdad como intergeneracional, personas con discapacidades, beneficiarios del Bono de Desarrollo Humano, igualdad de\u00a0g\u00e9nero, calidad del servicio, por lo tanto, participan las personas naturales o jur\u00eddicas, que est\u00e9n habilitados en el Registro \u00danico de Proveedores \u2013 RUP.<\/p>\n<p>A mediados de enero se inici\u00f3 este proceso, que ha permitido que se abran 13 plazas de trabajo en la zona de influencia de forma indirecta, misma que cuenta con un valor de USD \u00a0114 897,60, sin incluir IVA.\u00a0<\/p>\n<p>El gerente de Termogas Machala, Guido Ochoa, mencion\u00f3 que a trav\u00e9s de los procesos de feria inclusiva se garantiza la contrataci\u00f3n de bienes y servicios a proveedores locales y la contrataci\u00f3n de mano de obra del \u00e1rea de influencia,\u00a0aportando a la\u00a0\u00a0reactivaci\u00f3n econ\u00f3mica y generaci\u00f3n de empleo.\u00a0<\/p>\n<p>Fecha de publicaci\u00f3n: 9 de febrero de 2020.<\/p>\n","protected":false},"excerpt":{"rendered":"<p>La Corporaci\u00f3n El\u00e9ctrica del Ecuador (CELEC EP), a trav\u00e9s\u00a0 de la Unidad de Negocio CELEC EP &#8211; Termogas Machala, realiz\u00f3 un proceso de feria inclusiva, seg\u00fan la Normativa de Contrataci\u00f3n P\u00fablica, para la contrataci\u00f3n de servicios de mantenimiento el\u00e9ctrico y mec\u00e1nico de sus instalaciones operativas. Este mecanismo permite a las instituciones p\u00fablicas la contrataci\u00f3n de [&hellip;]<\/p>\n","protected":false},"author":1,"featured_media":389,"comment_status":"open","ping_status":"open","sticky":false,"template":"","format":"standard","meta":{"_acf_changed":false,"_themeisle_gutenberg_block_has_review":false,"footnotes":""},"categories":[7],"tags":[],"class_list":["post-388","post","type-post","status-publish","format-standard","has-post-thumbnail","hentry","category-noticias"],"acf":[],"_links":{"self":[{"href":"https:\/\/www.celec.gob.ec\/celecsur\/wp-json\/wp\/v2\/posts\/388","targetHints":{"allow":["GET"]}}],"collection":[{"href":"https:\/\/www.celec.gob.ec\/celecsur\/wp-json\/wp\/v2\/posts"}],"about":[{"href":"https:\/\/www.celec.gob.ec\/celecsur\/wp-json\/wp\/v2\/types\/post"}],"author":[{"embeddable":true,"href":"https:\/\/www.celec.gob.ec\/celecsur\/wp-json\/wp\/v2\/users\/1"}],"replies":[{"embeddable":true,"href":"https:\/\/www.celec.gob.ec\/celecsur\/wp-json\/wp\/v2\/comments?post=388"}],"version-history":[{"count":0,"href":"https:\/\/www.celec.gob.ec\/celecsur\/wp-json\/wp\/v2\/posts\/388\/revisions"}],"wp:featuredmedia":[{"embeddable":true,"href":"https:\/\/www.celec.gob.ec\/celecsur\/wp-json\/wp\/v2\/media\/389"}],"wp:attachment":[{"href":"https:\/\/www.celec.gob.ec\/celecsur\/wp-json\/wp\/v2\/media?parent=388"}],"wp:term":[{"taxonomy":"category","embeddable":true,"href":"https:\/\/www.celec.gob.ec\/celecsur\/wp-json\/wp\/v2\/categories?post=388"},{"taxonomy":"post_tag","embeddable":true,"href":"https:\/\/www.celec.gob.ec\/celecsur\/wp-json\/wp\/v2\/tags?post=388"}],"curies":[{"name":"wp","href":"https:\/\/api.w.org\/{rel}","templated":true}]}}