{"id":433,"date":"2020-10-08T16:46:17","date_gmt":"2020-10-08T21:46:17","guid":{"rendered":"https:\/\/www.celec.gob.ec\/celecsur\/?p=283"},"modified":"2023-05-18T11:13:50","modified_gmt":"2023-05-18T16:13:50","slug":"celec-ep-evalua-potencial-eolico-en-cuenca-suscal-chilla-y-santa-isabel","status":"publish","type":"post","link":"https:\/\/www.celec.gob.ec\/celecsur\/noticias\/celec-ep-evalua-potencial-eolico-en-cuenca-suscal-chilla-y-santa-isabel\/","title":{"rendered":"CELEC EP eval\u00faa potencial e\u00f3lico en Cuenca, Suscal, Chilla y Santa Isabel"},"content":{"rendered":"<p>La Corporaci\u00f3n El\u00e9ctrica del Ecuador (CELEC EP), a trav\u00e9s de su Unidad de Negocio CELEC SUR, alineado con los objetivos del Gobierno Nacional, eval\u00faan el potencial e\u00f3lico para Cuenca, Suscal, Chilla y Santa Isabel.<\/p>\n<p>\u00a0En el a\u00f1o 2019, la Direcci\u00f3n de Planificaci\u00f3n de la Expansi\u00f3n de CELEC EP, deleg\u00f3 a CELEC SUR la adquisici\u00f3n, instalaci\u00f3n y certificaci\u00f3n de cuatro torres de medici\u00f3n e\u00f3lica con el fin de evaluar el potencial e\u00f3lico, a la fecha se encuentran instaladas las torres en las que se mide velocidad, direcci\u00f3n del viento a varias alturas, temperatura, humedad relativa y presi\u00f3n atmosf\u00e9rica. Ahora se encuentra en el proceso de certificaci\u00f3n de acuerdo a la norma IEC-61400-12-1 con la empresa Barlovento, de Espa\u00f1a misma que se encuentran en la red internacional Measnet, manifest\u00f3 Pablo Guzm\u00e1n, Jefe de Gesti\u00f3n Social Ambiental.<\/p>\n<p>\u00a0El pasado 2 de octubre, el Gerente de CELEC SUR, Iv\u00e1n Hidrobo y t\u00e9cnicos del \u00e1rea de Gesti\u00f3n Social Ambiental realizaron un recorrido t\u00e9cnico por las torres instaladas en la comunidad Pimo, cant\u00f3n Cuenca, para verificar los avances de la evaluaci\u00f3n del recurso e\u00f3lico con el fin de contar con proyectos de generaci\u00f3n el\u00e9ctrica con energ\u00edas renovables.<\/p>\n<p>\u00a0En Pimo, a finales del 2018, se instal\u00f3 una torre meteorol\u00f3gica y se comprob\u00f3 que el recurso e\u00f3lico existente en el sector es adecuado para la implementaci\u00f3n futura de un parque e\u00f3lico. Aqu\u00ed se registra una velocidad promedio anual de 12 m\/s (metros por segundo), permitiendo definir de manera preliminar una potencia probable de 100 MW, destac\u00f3 Iv\u00e1n Hidrobo, gerente de CELEC SUR.<\/p>\n<p>\u00a0Hasta el momento en coordinaci\u00f3n con la Direcci\u00f3n de Planificaci\u00f3n de la Expansi\u00f3n de CELEC EP, se ha efectuado los an\u00e1lisis t\u00e9cnicos de los datos obtenidos, la evaluaci\u00f3n geol\u00f3gica del pol\u00edgono predefinido y una evaluaci\u00f3n preliminar ambiental, con estos datos se desarrollan el perfil del proyecto, indic\u00f3 Ver\u00f3nica Polo, especialista de Gesti\u00f3n Social Ambiental de CELEC SUR.<\/p>\n<p>Fecha de publicaci\u00f3n: 08 de octubre de 2020<\/p>\n","protected":false},"excerpt":{"rendered":"<p>La Corporaci\u00f3n El\u00e9ctrica del Ecuador (CELEC EP), a trav\u00e9s de su Unidad de Negocio CELEC SUR, alineado con los objetivos del Gobierno Nacional, eval\u00faan el potencial e\u00f3lico para Cuenca, Suscal, Chilla y Santa Isabel. \u00a0En el a\u00f1o 2019, la Direcci\u00f3n de Planificaci\u00f3n de la Expansi\u00f3n de CELEC EP, deleg\u00f3 a CELEC SUR la adquisici\u00f3n, instalaci\u00f3n [&hellip;]<\/p>\n","protected":false},"author":1,"featured_media":0,"comment_status":"open","ping_status":"open","sticky":false,"template":"","format":"standard","meta":{"_acf_changed":false,"_themeisle_gutenberg_block_has_review":false,"footnotes":""},"categories":[7],"tags":[],"class_list":["post-433","post","type-post","status-publish","format-standard","hentry","category-noticias"],"acf":[],"_links":{"self":[{"href":"https:\/\/www.celec.gob.ec\/celecsur\/wp-json\/wp\/v2\/posts\/433","targetHints":{"allow":["GET"]}}],"collection":[{"href":"https:\/\/www.celec.gob.ec\/celecsur\/wp-json\/wp\/v2\/posts"}],"about":[{"href":"https:\/\/www.celec.gob.ec\/celecsur\/wp-json\/wp\/v2\/types\/post"}],"author":[{"embeddable":true,"href":"https:\/\/www.celec.gob.ec\/celecsur\/wp-json\/wp\/v2\/users\/1"}],"replies":[{"embeddable":true,"href":"https:\/\/www.celec.gob.ec\/celecsur\/wp-json\/wp\/v2\/comments?post=433"}],"version-history":[{"count":0,"href":"https:\/\/www.celec.gob.ec\/celecsur\/wp-json\/wp\/v2\/posts\/433\/revisions"}],"wp:attachment":[{"href":"https:\/\/www.celec.gob.ec\/celecsur\/wp-json\/wp\/v2\/media?parent=433"}],"wp:term":[{"taxonomy":"category","embeddable":true,"href":"https:\/\/www.celec.gob.ec\/celecsur\/wp-json\/wp\/v2\/categories?post=433"},{"taxonomy":"post_tag","embeddable":true,"href":"https:\/\/www.celec.gob.ec\/celecsur\/wp-json\/wp\/v2\/tags?post=433"}],"curies":[{"name":"wp","href":"https:\/\/api.w.org\/{rel}","templated":true}]}}