{"id":655,"date":"2021-10-28T17:55:09","date_gmt":"2021-10-28T22:55:09","guid":{"rendered":"https:\/\/www.celec.gob.ec\/celecsur\/?p=811"},"modified":"2021-10-28T17:55:09","modified_gmt":"2021-10-28T22:55:09","slug":"central-termica-esmeraldas-ii-recupera-su-potencia-nominal-de-96-mw-en-el-transcurso-del-presente-mes","status":"publish","type":"post","link":"https:\/\/www.celec.gob.ec\/celecsur\/noticias\/central-termica-esmeraldas-ii-recupera-su-potencia-nominal-de-96-mw-en-el-transcurso-del-presente-mes\/","title":{"rendered":"Central T\u00e9rmica Esmeraldas II recupera su potencia nominal de 96 MW en el transcurso del presente mes"},"content":{"rendered":"<header class=\"item_header\">\n<h2 class=\"item_title heading-style-2 visible-first\"><\/h2>\n<\/header>\n<div class=\"item_fulltext\">\n<p><img loading=\"lazy\" decoding=\"async\" class=\" size-full wp-image-810\" src=\"https:\/\/www.celec.gob.ec\/celecsur\/wp-content\/uploads\/2021\/10\/Recuperacion_Esmeraldas2.jpg\" alt=\"\" width=\"548\" height=\"366\" \/><\/p>\n<p><span><em>Primero de los tres motores nuevos en la Central Esmeraldas II, fue declarado en disponibilidad.<\/em><\/span><\/p>\n<p><span>La Corporaci\u00f3n El\u00e9ctrica del Ecuador (CELEC E), a trav\u00e9s de su Unidad de Negocio Termoesmeraldas, declar\u00f3 en disponibilidad una de las tres unidades de generaci\u00f3n nuevas de la Central T\u00e9rmica Esmeraldas II, que son parte del Plan Nacional de Recuperaci\u00f3n del Parque Termoel\u00e9ctrico. Esta medida garantizar\u00e1 la demanda de energ\u00eda el\u00e9ctrica en el pa\u00eds, en circunstancia que disminuya la generaci\u00f3n hidroel\u00e9ctrica.<\/span><\/p>\n<p><span>En el a\u00f1o 2018, a causa de un siniestro ocurrido en la Central T\u00e9rmica Esmeraldas II (de 96 MW), salieron de operaci\u00f3n tres unidades de generaci\u00f3n (motor y generador). El Plan de Recuperaci\u00f3n permiti\u00f3 la compra de nuevos motores para reemplazar los afectados, con recursos obtenidos de la empresa aseguradora. \u00a0<\/span><\/p>\n<p><span>Las nuevas unidades de generaci\u00f3n (con una potencia de 8.5 MW cada una) fueron ensambladas en China, con licencia francesa, llegaron al pa\u00eds en febrero del presente a\u00f1o y de inmediato se inici\u00f3 con el montaje. La primera unidad fue declara su disponibilidad el 30 de septiembre, es decir que puede entregar energ\u00eda el\u00e9ctrica cuando as\u00ed lo disponga el Operador Nacional de Electricidad (Operador Cenace).<\/span><\/p>\n<p><span>En las otras dos unidades se realizan trabajos de alineaci\u00f3n y recirculaci\u00f3n de lubricantes y combustibles; de inmediato se continuar\u00e1n con las pruebas en vac\u00edo y con carga, previo a declarar su disponibilidad, coment\u00f3 Diana Hidalgo, subgerente de Producci\u00f3n de Termoesmeraldas. De esta forma, en el trascurso de octubre se habr\u00e1n concluido los trabajos con lo que la Central T\u00e9rmica Esmeraldas II, recuperar\u00e1 su potencia nominal de 96 MW.<\/span><\/p>\n<p><span>Fecha de publicaci\u00f3n: 12 de octubre de 2021.<\/span><\/p>\n<\/div>\n","protected":false},"excerpt":{"rendered":"<p>Primero de los tres motores nuevos en la Central Esmeraldas II, fue declarado en disponibilidad. La Corporaci\u00f3n El\u00e9ctrica del Ecuador (CELEC E), a trav\u00e9s de su Unidad de Negocio Termoesmeraldas, declar\u00f3 en disponibilidad una de las tres unidades de generaci\u00f3n nuevas de la Central T\u00e9rmica Esmeraldas II, que son parte del Plan Nacional de Recuperaci\u00f3n [&hellip;]<\/p>\n","protected":false},"author":1,"featured_media":656,"comment_status":"open","ping_status":"open","sticky":false,"template":"","format":"standard","meta":{"_acf_changed":false,"_themeisle_gutenberg_block_has_review":false,"footnotes":""},"categories":[7],"tags":[],"class_list":["post-655","post","type-post","status-publish","format-standard","has-post-thumbnail","hentry","category-noticias"],"acf":[],"_links":{"self":[{"href":"https:\/\/www.celec.gob.ec\/celecsur\/wp-json\/wp\/v2\/posts\/655","targetHints":{"allow":["GET"]}}],"collection":[{"href":"https:\/\/www.celec.gob.ec\/celecsur\/wp-json\/wp\/v2\/posts"}],"about":[{"href":"https:\/\/www.celec.gob.ec\/celecsur\/wp-json\/wp\/v2\/types\/post"}],"author":[{"embeddable":true,"href":"https:\/\/www.celec.gob.ec\/celecsur\/wp-json\/wp\/v2\/users\/1"}],"replies":[{"embeddable":true,"href":"https:\/\/www.celec.gob.ec\/celecsur\/wp-json\/wp\/v2\/comments?post=655"}],"version-history":[{"count":0,"href":"https:\/\/www.celec.gob.ec\/celecsur\/wp-json\/wp\/v2\/posts\/655\/revisions"}],"wp:featuredmedia":[{"embeddable":true,"href":"https:\/\/www.celec.gob.ec\/celecsur\/wp-json\/wp\/v2\/media\/656"}],"wp:attachment":[{"href":"https:\/\/www.celec.gob.ec\/celecsur\/wp-json\/wp\/v2\/media?parent=655"}],"wp:term":[{"taxonomy":"category","embeddable":true,"href":"https:\/\/www.celec.gob.ec\/celecsur\/wp-json\/wp\/v2\/categories?post=655"},{"taxonomy":"post_tag","embeddable":true,"href":"https:\/\/www.celec.gob.ec\/celecsur\/wp-json\/wp\/v2\/tags?post=655"}],"curies":[{"name":"wp","href":"https:\/\/api.w.org\/{rel}","templated":true}]}}