{"id":719,"date":"2021-08-31T15:40:15","date_gmt":"2021-08-31T20:40:15","guid":{"rendered":"https:\/\/www.celec.gob.ec\/celecsur\/?p=722"},"modified":"2021-08-31T15:40:15","modified_gmt":"2021-08-31T20:40:15","slug":"celec-ep-y-ministerio-de-ambiente-agua-y-transicion-ecologica-suscriben-convenio-para-conservacion-de-areas-del-parque-nacional-cotacachi-cayapas-y-zona-de-influencia-de-la-central-manduriacu","status":"publish","type":"post","link":"https:\/\/www.celec.gob.ec\/celecsur\/noticias\/celec-ep-y-ministerio-de-ambiente-agua-y-transicion-ecologica-suscriben-convenio-para-conservacion-de-areas-del-parque-nacional-cotacachi-cayapas-y-zona-de-influencia-de-la-central-manduriacu\/","title":{"rendered":"CELEC EP y Ministerio de Ambiente, Agua y Transici\u00f3n Ecol\u00f3gica suscriben convenio para conservaci\u00f3n de \u00e1reas del Parque Nacional Cotacachi Cayapas y zona de influencia de la central Manduriacu"},"content":{"rendered":"<div class=\"tm-article-content \">\n<h1 class=\"uk-article-title\"><img loading=\"lazy\" decoding=\"async\" class=\" size-full wp-image-721\" src=\"https:\/\/www.celec.gob.ec\/celecsur\/wp-content\/uploads\/2021\/08\/CCS_Ambiente.jpg\" alt=\"\" width=\"484\" height=\"363\" \/><\/h1>\n<div>\n<p><em>Marcelo Reinoso, gerente de Unidad de Negocio Coca Codo Sinclair, y Glenda Ortega, subsecretaria de Patrimonio Natural del Ministerio de Ambiente.<\/em><\/p>\n<p>Hoy, 27 de agosto de 2021, se suscribi\u00f3 un convenio entre la Corporaci\u00f3n El\u00e9ctrica del Ecuador (CELEC EP), a trav\u00e9s de su Unidad de Negocio Coca Codo Sinclair, y el Ministerio de Ambiente, Agua y Transici\u00f3n Ecol\u00f3gica para la realizaci\u00f3n de actividades de reforestaci\u00f3n con fines de conservaci\u00f3n en la zona de amortiguamiento del Parque Nacional Cotacachi Cayapas y de la central hidroel\u00e9ctrica Manduriacu. Gran parte del \u00e1rea a intervenir se ubica en la provincia de Imbabura.<\/p>\n<p>El convenio, suscrito dentro de las actividades por los 53 a\u00f1os de creaci\u00f3n del Parque Nacional Cotacachi Cayapas, permite la ejecuci\u00f3n de actividades de reforestaci\u00f3n, concientizaci\u00f3n y socializaci\u00f3n sobre la importancia de la conservaci\u00f3n y educaci\u00f3n ambiental, en zonas que son consideradas de mayor riqueza de flora y fauna del Ecuador.<\/p>\n<p>En el evento se cont\u00f3 con la presencia de la subsecretaria de Patrimonio Natural del Ministerio de Ambiente, Agua y Transici\u00f3n Ecol\u00f3gica, Glenda ortega. La funcionaria destac\u00f3 que \u201cel trabajo interinstitucional ha sido clave para el desarrollo de actividades para la conservaci\u00f3n ambiental en la zona\u201d.<\/p>\n<p>De su lado, Marcelo Reinoso, gerente de la Unidad de Negocio Coca Codo Sinclair, inform\u00f3 que \u201capoyaremos continuamente a las actividades de control ambiental, lideradas por el Ministerio del Ambiente, Agua y Transici\u00f3n Ecol\u00f3gica, con el af\u00e1n de proteger toda la variedad ecol\u00f3gica y la biodiversidad de \u00e9ste parque natural y las \u00e1reas de influencia de la central Manduriacu\u201d.<\/p>\n<p>En mayo y junio pasados, CELEC EP realiz\u00f3 actividades de conservaci\u00f3n en una extensi\u00f3n de 20 hect\u00e1reas, entre las reservas ecol\u00f3gicas de Cotacahi Cayapas y Mashpi, en cumplimiento del Plan de Manejo Ambiental. Su objetivo es mantener las \u00e1reas reforestadas y desarrollar nuevas plantaciones en la zona de influencia de la central Manduriacu, ubicada entre las provincias de Pichincha e Imbabura, y cuyo aporte es de 65 megavatios de potencia al Sistema Nacional Interconectado.<\/p>\n<p>Fecha de publicaci\u00f3n: 27 de agosto de 2021.<\/p>\n<\/div>\n<\/div>\n","protected":false},"excerpt":{"rendered":"<p>Marcelo Reinoso, gerente de Unidad de Negocio Coca Codo Sinclair, y Glenda Ortega, subsecretaria de Patrimonio Natural del Ministerio de Ambiente. Hoy, 27 de agosto de 2021, se suscribi\u00f3 un convenio entre la Corporaci\u00f3n El\u00e9ctrica del Ecuador (CELEC EP), a trav\u00e9s de su Unidad de Negocio Coca Codo Sinclair, y el Ministerio de Ambiente, Agua [&hellip;]<\/p>\n","protected":false},"author":1,"featured_media":720,"comment_status":"open","ping_status":"open","sticky":false,"template":"","format":"standard","meta":{"_acf_changed":false,"_themeisle_gutenberg_block_has_review":false,"footnotes":""},"categories":[7],"tags":[],"class_list":["post-719","post","type-post","status-publish","format-standard","has-post-thumbnail","hentry","category-noticias"],"acf":[],"_links":{"self":[{"href":"https:\/\/www.celec.gob.ec\/celecsur\/wp-json\/wp\/v2\/posts\/719","targetHints":{"allow":["GET"]}}],"collection":[{"href":"https:\/\/www.celec.gob.ec\/celecsur\/wp-json\/wp\/v2\/posts"}],"about":[{"href":"https:\/\/www.celec.gob.ec\/celecsur\/wp-json\/wp\/v2\/types\/post"}],"author":[{"embeddable":true,"href":"https:\/\/www.celec.gob.ec\/celecsur\/wp-json\/wp\/v2\/users\/1"}],"replies":[{"embeddable":true,"href":"https:\/\/www.celec.gob.ec\/celecsur\/wp-json\/wp\/v2\/comments?post=719"}],"version-history":[{"count":0,"href":"https:\/\/www.celec.gob.ec\/celecsur\/wp-json\/wp\/v2\/posts\/719\/revisions"}],"wp:featuredmedia":[{"embeddable":true,"href":"https:\/\/www.celec.gob.ec\/celecsur\/wp-json\/wp\/v2\/media\/720"}],"wp:attachment":[{"href":"https:\/\/www.celec.gob.ec\/celecsur\/wp-json\/wp\/v2\/media?parent=719"}],"wp:term":[{"taxonomy":"category","embeddable":true,"href":"https:\/\/www.celec.gob.ec\/celecsur\/wp-json\/wp\/v2\/categories?post=719"},{"taxonomy":"post_tag","embeddable":true,"href":"https:\/\/www.celec.gob.ec\/celecsur\/wp-json\/wp\/v2\/tags?post=719"}],"curies":[{"name":"wp","href":"https:\/\/api.w.org\/{rel}","templated":true}]}}