{"id":1759,"date":"2025-01-08T12:27:53","date_gmt":"2025-01-08T17:27:53","guid":{"rendered":"https:\/\/www.celec.gob.ec\/cocacodo\/?p=1759"},"modified":"2025-01-08T12:27:54","modified_gmt":"2025-01-08T17:27:54","slug":"hidroelectrica-toachi-pilaton-gobierno-de-noboa-activa-unidad-3-de-la-central-alluriquin-tras-una-decada-sin-operar","status":"publish","type":"post","link":"https:\/\/www.celec.gob.ec\/cocacodo\/noticias\/hidroelectrica-toachi-pilaton-gobierno-de-noboa-activa-unidad-3-de-la-central-alluriquin-tras-una-decada-sin-operar\/","title":{"rendered":"HIDROEL\u00c9CTRICA TOACHI PILAT\u00d3N: GOBIERNO DE NOBOA ACTIVA UNIDAD 3 DE LA CENTRAL ALLURIQU\u00cdN TRAS UNA D\u00c9CADA SIN OPERAR"},"content":{"rendered":"<div class=\"wp-block-image\">\n<figure class=\"aligncenter size-full\"><img loading=\"lazy\" decoding=\"async\" width=\"768\" height=\"562\" src=\"https:\/\/www.celec.gob.ec\/cocacodo\/wp-content\/uploads\/2025\/01\/4.jpg\" alt=\"\" class=\"wp-image-1760\" srcset=\"https:\/\/www.celec.gob.ec\/cocacodo\/wp-content\/uploads\/2025\/01\/4.jpg 768w, https:\/\/www.celec.gob.ec\/cocacodo\/wp-content\/uploads\/2025\/01\/4-300x220.jpg 300w\" sizes=\"auto, (max-width: 768px) 100vw, 768px\" \/><\/figure>\n<\/div>\n\n\n<p><strong>Este lunes 16 de diciembre, la unidad 3 (de 68 megavatios), de la central hidroel\u00e9ctrica Alluriqu\u00edn,&nbsp;<\/strong>que es parte del nuevo complejo hidroel\u00e9ctrico Toachi Pilat\u00f3n, se enlaz\u00f3 con la red el\u00e9ctrica del pa\u00eds o Sistema Nacional Interconectado \u2013 SNI.<\/p>\n\n\n\n<p>La sincronizaci\u00f3n consisti\u00f3 en hacer coincidir los par\u00e1metros del generador el\u00e9ctrico con los del SNI. Estos son: voltaje, frecuencia, \u00e1ngulo de fase, secuencia de fase y forma de onda. Tras la sincronizaci\u00f3n de la primera unidad, esta central inici\u00f3 con la entrega de 68 megavatios. El proceso continuar\u00e1 durante los pr\u00f3ximos d\u00edas hasta lograr estabilidad y confiabilidad en su operaci\u00f3n, indic\u00f3 el viceministro Fabi\u00e1n Calero.<\/p>\n\n\n\n<p>En su intervenci\u00f3n, la ministra de Energ\u00eda y Minas, In\u00e9s Manzano, coment\u00f3 que \u201cla central Alluriqu\u00edn no es solo infraestructura, es una promesa cumplida para las generaciones futuras\u201d. Destac\u00f3 la decisi\u00f3n del Gobierno de Nuevo Ecuador de, a trav\u00e9s de una gesti\u00f3n eficiente, normalizar el servicio el\u00e9ctrico. Indic\u00f3 que las dos unidades restantes se sincronizar\u00e1n en las pr\u00f3ximas semanas, con lo que se sumar\u00e1n 204 MW.<\/p>\n\n\n\n<p>De su lado, el gerente general de CELEC EP, Gustavo S\u00e1nchez, resalt\u00f3 el compromiso del Gobierno Nacional para que los proyectos de generaci\u00f3n el\u00e9ctrica, que se encontraban paralizados, se concluyan y se pongan al servicio de los ecuatorianos.<\/p>\n\n\n\n<p>Toachi Pilat\u00f3n, de 254.4 MW es uno de los proyectos de generaci\u00f3n que estuvieron paralizados, pero por decisi\u00f3n del presidente Daniel Noboa, se acelera su conclusi\u00f3n y puesta en operaci\u00f3n para sumar m\u00e1s energ\u00eda el\u00e9ctrica para los&nbsp;ecuatorianos.<\/p>\n","protected":false},"excerpt":{"rendered":"<p>Este lunes 16 de diciembre, la unidad 3 (de 68 megavatios), de la central hidroel\u00e9ctrica Alluriqu\u00edn,&nbsp;que es parte del nuevo complejo hidroel\u00e9ctrico Toachi Pilat\u00f3n, se enlaz\u00f3 con la red el\u00e9ctrica del pa\u00eds o Sistema Nacional Interconectado \u2013 SNI. La sincronizaci\u00f3n consisti\u00f3 en hacer coincidir los par\u00e1metros del generador el\u00e9ctrico con los del SNI. Estos son: [&hellip;]<\/p>\n","protected":false},"author":3,"featured_media":1760,"comment_status":"open","ping_status":"open","sticky":false,"template":"","format":"standard","meta":{"_acf_changed":false,"_themeisle_gutenberg_block_has_review":false,"footnotes":""},"categories":[8],"tags":[],"class_list":["post-1759","post","type-post","status-publish","format-standard","has-post-thumbnail","hentry","category-noticias"],"acf":[],"_links":{"self":[{"href":"https:\/\/www.celec.gob.ec\/cocacodo\/wp-json\/wp\/v2\/posts\/1759","targetHints":{"allow":["GET"]}}],"collection":[{"href":"https:\/\/www.celec.gob.ec\/cocacodo\/wp-json\/wp\/v2\/posts"}],"about":[{"href":"https:\/\/www.celec.gob.ec\/cocacodo\/wp-json\/wp\/v2\/types\/post"}],"author":[{"embeddable":true,"href":"https:\/\/www.celec.gob.ec\/cocacodo\/wp-json\/wp\/v2\/users\/3"}],"replies":[{"embeddable":true,"href":"https:\/\/www.celec.gob.ec\/cocacodo\/wp-json\/wp\/v2\/comments?post=1759"}],"version-history":[{"count":1,"href":"https:\/\/www.celec.gob.ec\/cocacodo\/wp-json\/wp\/v2\/posts\/1759\/revisions"}],"predecessor-version":[{"id":1761,"href":"https:\/\/www.celec.gob.ec\/cocacodo\/wp-json\/wp\/v2\/posts\/1759\/revisions\/1761"}],"wp:featuredmedia":[{"embeddable":true,"href":"https:\/\/www.celec.gob.ec\/cocacodo\/wp-json\/wp\/v2\/media\/1760"}],"wp:attachment":[{"href":"https:\/\/www.celec.gob.ec\/cocacodo\/wp-json\/wp\/v2\/media?parent=1759"}],"wp:term":[{"taxonomy":"category","embeddable":true,"href":"https:\/\/www.celec.gob.ec\/cocacodo\/wp-json\/wp\/v2\/categories?post=1759"},{"taxonomy":"post_tag","embeddable":true,"href":"https:\/\/www.celec.gob.ec\/cocacodo\/wp-json\/wp\/v2\/tags?post=1759"}],"curies":[{"name":"wp","href":"https:\/\/api.w.org\/{rel}","templated":true}]}}