{"id":1921,"date":"2025-05-29T14:09:40","date_gmt":"2025-05-29T19:09:40","guid":{"rendered":"https:\/\/www.celec.gob.ec\/cocacodo\/?p=1921"},"modified":"2025-05-29T14:09:40","modified_gmt":"2025-05-29T19:09:40","slug":"gobierno-nacional-fortalece-la-educacion-y-la-seguridad-en-la-unidad-educativa-amaluza","status":"publish","type":"post","link":"https:\/\/www.celec.gob.ec\/cocacodo\/noticias\/gobierno-nacional-fortalece-la-educacion-y-la-seguridad-en-la-unidad-educativa-amaluza\/","title":{"rendered":"Gobierno Nacional fortalece la educaci\u00f3n y la seguridad en la Unidad Educativa Amaluza"},"content":{"rendered":"<div class=\"wp-block-image\">\n<figure class=\"aligncenter size-full\"><img loading=\"lazy\" decoding=\"async\" width=\"567\" height=\"332\" src=\"https:\/\/www.celec.gob.ec\/cocacodo\/wp-content\/uploads\/2025\/05\/7.jpg\" alt=\"\" class=\"wp-image-1922\" srcset=\"https:\/\/www.celec.gob.ec\/cocacodo\/wp-content\/uploads\/2025\/05\/7.jpg 567w, https:\/\/www.celec.gob.ec\/cocacodo\/wp-content\/uploads\/2025\/05\/7-300x176.jpg 300w\" sizes=\"auto, (max-width: 567px) 100vw, 567px\" \/><\/figure>\n<\/div>\n\n\n<p>En el marco del convenio suscrito entre la Corporaci\u00f3n El\u00e9ctrica del Ecuador \u2013 CELEC EP, a trav\u00e9s de su Unidad de Negocio CELEC SUR, y la Coordinaci\u00f3n Zonal 6 del Ministerio de Educaci\u00f3n, se realiz\u00f3 la entrega de equipos tecnol\u00f3gicos a la Unidad Educativa Amaluza, ubicada en el cant\u00f3n Sevilla de Oro, provincia del Azuay.<\/p>\n\n\n\n<p>Esta acci\u00f3n, enmarcada en la pol\u00edtica del Gobierno del Nuevo Ecuador de trabajar junto a las comunidades, busca fortalecer la educaci\u00f3n y mejorar las condiciones de seguridad en este plantel que acoge a 198 estudiantes de los niveles b\u00e1sico y bachillerato.<\/p>\n\n\n\n<p>El acto cont\u00f3 con la presencia del Ing. Miguel Andrade, gerente de CELEC SUR; Mar\u00eda Jos\u00e9 Morocho, directora distrital de Educaci\u00f3n; Fredy Campoverde, rector del plantel, y Jos\u00e9 Ponce, presidente del GAD Parroquial de Amaluza. Las autoridades realizaron un recorrido por las instalaciones para constatar el funcionamiento de los equipos.<\/p>\n\n\n\n<p>La entrega consisti\u00f3 en la instalaci\u00f3n de ocho c\u00e1maras de seguridad con sus respectivos equipos de videovigilancia, cuatro proyectores y cuatro pantallas operativas, con una inversi\u00f3n aproximada de 6.500 d\u00f3lares. Esta dotaci\u00f3n complementa los aportes ya ejecutados mediante el convenio de cooperaci\u00f3n interinstitucional, que contempla una inversi\u00f3n global cercana a los 50 mil d\u00f3lares.<\/p>\n\n\n\n<p>Con estas acciones, CELEC EP ratifica su compromiso con el desarrollo social de las comunidades asentadas en la zona de influencia del complejo hidroel\u00e9ctrico Paute Integral, promoviendo mejores condiciones educativas y de seguridad para las ni\u00f1as, ni\u00f1os y adolescentes del pa\u00eds.<\/p>\n","protected":false},"excerpt":{"rendered":"<p>En el marco del convenio suscrito entre la Corporaci\u00f3n El\u00e9ctrica del Ecuador \u2013 CELEC EP, a trav\u00e9s de su Unidad de Negocio CELEC SUR, y la Coordinaci\u00f3n Zonal 6 del Ministerio de Educaci\u00f3n, se realiz\u00f3 la entrega de equipos tecnol\u00f3gicos a la Unidad Educativa Amaluza, ubicada en el cant\u00f3n Sevilla de Oro, provincia del Azuay. [&hellip;]<\/p>\n","protected":false},"author":3,"featured_media":1922,"comment_status":"open","ping_status":"open","sticky":false,"template":"","format":"standard","meta":{"_acf_changed":false,"_themeisle_gutenberg_block_has_review":false,"footnotes":""},"categories":[8],"tags":[],"class_list":["post-1921","post","type-post","status-publish","format-standard","has-post-thumbnail","hentry","category-noticias"],"acf":[],"_links":{"self":[{"href":"https:\/\/www.celec.gob.ec\/cocacodo\/wp-json\/wp\/v2\/posts\/1921","targetHints":{"allow":["GET"]}}],"collection":[{"href":"https:\/\/www.celec.gob.ec\/cocacodo\/wp-json\/wp\/v2\/posts"}],"about":[{"href":"https:\/\/www.celec.gob.ec\/cocacodo\/wp-json\/wp\/v2\/types\/post"}],"author":[{"embeddable":true,"href":"https:\/\/www.celec.gob.ec\/cocacodo\/wp-json\/wp\/v2\/users\/3"}],"replies":[{"embeddable":true,"href":"https:\/\/www.celec.gob.ec\/cocacodo\/wp-json\/wp\/v2\/comments?post=1921"}],"version-history":[{"count":1,"href":"https:\/\/www.celec.gob.ec\/cocacodo\/wp-json\/wp\/v2\/posts\/1921\/revisions"}],"predecessor-version":[{"id":1923,"href":"https:\/\/www.celec.gob.ec\/cocacodo\/wp-json\/wp\/v2\/posts\/1921\/revisions\/1923"}],"wp:featuredmedia":[{"embeddable":true,"href":"https:\/\/www.celec.gob.ec\/cocacodo\/wp-json\/wp\/v2\/media\/1922"}],"wp:attachment":[{"href":"https:\/\/www.celec.gob.ec\/cocacodo\/wp-json\/wp\/v2\/media?parent=1921"}],"wp:term":[{"taxonomy":"category","embeddable":true,"href":"https:\/\/www.celec.gob.ec\/cocacodo\/wp-json\/wp\/v2\/categories?post=1921"},{"taxonomy":"post_tag","embeddable":true,"href":"https:\/\/www.celec.gob.ec\/cocacodo\/wp-json\/wp\/v2\/tags?post=1921"}],"curies":[{"name":"wp","href":"https:\/\/api.w.org\/{rel}","templated":true}]}}