{"id":2003,"date":"2025-08-26T10:23:19","date_gmt":"2025-08-26T15:23:19","guid":{"rendered":"https:\/\/www.celec.gob.ec\/cocacodo\/?p=2003"},"modified":"2025-08-26T10:23:20","modified_gmt":"2025-08-26T15:23:20","slug":"concluyo-el-mantenimiento-anual-preventivo-de-la-central-sarapullo","status":"publish","type":"post","link":"https:\/\/www.celec.gob.ec\/cocacodo\/noticias\/concluyo-el-mantenimiento-anual-preventivo-de-la-central-sarapullo\/","title":{"rendered":"Concluy\u00f3 el mantenimiento anual preventivo de la central Sarapullo"},"content":{"rendered":"<div class=\"wp-block-image\">\n<figure class=\"aligncenter size-full\"><img loading=\"lazy\" decoding=\"async\" width=\"566\" height=\"425\" src=\"https:\/\/www.celec.gob.ec\/cocacodo\/wp-content\/uploads\/2025\/08\/7.png\" alt=\"\" class=\"wp-image-2004\" srcset=\"https:\/\/www.celec.gob.ec\/cocacodo\/wp-content\/uploads\/2025\/08\/7.png 566w, https:\/\/www.celec.gob.ec\/cocacodo\/wp-content\/uploads\/2025\/08\/7-300x225.png 300w\" sizes=\"auto, (max-width: 566px) 100vw, 566px\" \/><\/figure>\n<\/div>\n\n\n<p>El Gobierno Nacional, a trav\u00e9s de la Corporaci\u00f3n El\u00e9ctrica del Ecuador \u2013CELEC EP\u2013, concluy\u00f3 el mantenimiento programado preventivo anual de la captaci\u00f3n Pilat\u00f3n y de las tres unidades de generaci\u00f3n de la Central Hidroel\u00e9ctrica Sarapullo, de 49 megavatios. Los trabajos, realizados del 10 de julio al 8 de agosto, tuvieron como objetivo asegurar el funcionamiento de la central y garantizar la producci\u00f3n de energ\u00eda para el pa\u00eds.<\/p>\n\n\n\n<p>Se intervinieron en diferentes sistemas y equipos, entre ellos: generadores, turbinas, celdas de media tensi\u00f3n, sistemas auxiliares el\u00e9ctricos y mec\u00e1nicos, entre otros. Adem\u00e1s, se realiz\u00f3 el dragado del embalse en captaci\u00f3n Pilat\u00f3n, con lo que se optimiza la operaci\u00f3n de la central.<\/p>\n\n\n\n<p>Este mantenimiento refuerza el compromiso del gobierno del Nuevo Ecuador con una gesti\u00f3n energ\u00e9tica t\u00e9cnica y eficiente para garantizar la operatividad y la sostenibilidad el\u00e9ctrica del pa\u00eds.<\/p>\n","protected":false},"excerpt":{"rendered":"<p>El Gobierno Nacional, a trav\u00e9s de la Corporaci\u00f3n El\u00e9ctrica del Ecuador \u2013CELEC EP\u2013, concluy\u00f3 el mantenimiento programado preventivo anual de la captaci\u00f3n Pilat\u00f3n y de las tres unidades de generaci\u00f3n de la Central Hidroel\u00e9ctrica Sarapullo, de 49 megavatios. Los trabajos, realizados del 10 de julio al 8 de agosto, tuvieron como objetivo asegurar el funcionamiento [&hellip;]<\/p>\n","protected":false},"author":3,"featured_media":2004,"comment_status":"open","ping_status":"open","sticky":false,"template":"","format":"standard","meta":{"_acf_changed":false,"_themeisle_gutenberg_block_has_review":false,"footnotes":""},"categories":[8],"tags":[],"class_list":["post-2003","post","type-post","status-publish","format-standard","has-post-thumbnail","hentry","category-noticias"],"acf":[],"_links":{"self":[{"href":"https:\/\/www.celec.gob.ec\/cocacodo\/wp-json\/wp\/v2\/posts\/2003","targetHints":{"allow":["GET"]}}],"collection":[{"href":"https:\/\/www.celec.gob.ec\/cocacodo\/wp-json\/wp\/v2\/posts"}],"about":[{"href":"https:\/\/www.celec.gob.ec\/cocacodo\/wp-json\/wp\/v2\/types\/post"}],"author":[{"embeddable":true,"href":"https:\/\/www.celec.gob.ec\/cocacodo\/wp-json\/wp\/v2\/users\/3"}],"replies":[{"embeddable":true,"href":"https:\/\/www.celec.gob.ec\/cocacodo\/wp-json\/wp\/v2\/comments?post=2003"}],"version-history":[{"count":1,"href":"https:\/\/www.celec.gob.ec\/cocacodo\/wp-json\/wp\/v2\/posts\/2003\/revisions"}],"predecessor-version":[{"id":2005,"href":"https:\/\/www.celec.gob.ec\/cocacodo\/wp-json\/wp\/v2\/posts\/2003\/revisions\/2005"}],"wp:featuredmedia":[{"embeddable":true,"href":"https:\/\/www.celec.gob.ec\/cocacodo\/wp-json\/wp\/v2\/media\/2004"}],"wp:attachment":[{"href":"https:\/\/www.celec.gob.ec\/cocacodo\/wp-json\/wp\/v2\/media?parent=2003"}],"wp:term":[{"taxonomy":"category","embeddable":true,"href":"https:\/\/www.celec.gob.ec\/cocacodo\/wp-json\/wp\/v2\/categories?post=2003"},{"taxonomy":"post_tag","embeddable":true,"href":"https:\/\/www.celec.gob.ec\/cocacodo\/wp-json\/wp\/v2\/tags?post=2003"}],"curies":[{"name":"wp","href":"https:\/\/api.w.org\/{rel}","templated":true}]}}