{"id":317,"date":"2019-01-23T21:14:59","date_gmt":"2019-01-24T02:14:59","guid":{"rendered":"https:\/\/www.celec.gob.ec\/cocacodo\/?p=411"},"modified":"2019-01-23T21:14:59","modified_gmt":"2019-01-24T02:14:59","slug":"robert-simpson-asume-la-gerencia-general-de-la-corporacion-electrica-del-ecuador-celec-ep","status":"publish","type":"post","link":"https:\/\/www.celec.gob.ec\/cocacodo\/noticias\/robert-simpson-asume-la-gerencia-general-de-la-corporacion-electrica-del-ecuador-celec-ep\/","title":{"rendered":"BOLET\u00cdN DE PRENSA"},"content":{"rendered":"<p class=\"MsoNormal\" style=\"line-height: normal; text-align: center;\"><span lang=\"ES\" style=\"font-size: 9pt; font-family: Tahoma, sans-serif;\"><b style=\"font-family: Tahoma, Helvetica, Arial, sans-serif; font-size: 12.16px;\"><span lang=\"ES\" style=\"font-size: 9pt; font-family: Tahoma, sans-serif;\">Robert Simpson asume la Gerencia General de la Corporaci\u00f3n El\u00e9ctrica del Ecuador CELEC EP<\/span><\/b> <\/span><\/p>\n<p class=\"MsoNormal\" style=\"mso-margin-top-alt: auto; mso-margin-bottom-alt: auto; text-align: justify; line-height: 10.5pt;\"><span lang=\"ES\" style=\"font-size: 9pt; font-family: Tahoma, sans-serif;\"><span style=\"font-size: 9pt;\">El pasado 17 de enero, el Directorio de la Corporaci\u00f3n El\u00e9ctrica del Ecuador CELEC EP, mediante resoluci\u00f3n Nro. RD\u2013002- 2019, nombr\u00f3 a Robert Simpson Nankervis como nuevo Gerente General de la Corporaci\u00f3n.<\/span><\/span><\/p>\n<p><!--more--><\/p>\n<p class=\"MsoNormal\" style=\"mso-margin-top-alt: auto; mso-margin-bottom-alt: auto; text-align: justify; text-justify: inter-ideograph; line-height: 10.5pt;\"><span lang=\"ES\" style=\"font-size: 9pt; font-family: Tahoma, sans-serif;\">Robert Simpson, al asumir la Gerencia General, coment\u00f3 que lo hace con el objetivo de implementar las pol\u00edticas p\u00fablicas en materia de generaci\u00f3n y transmisi\u00f3n de energ\u00eda el\u00e9ctrica, dictadas por el presidente de la Rep\u00fablica, Len\u00edn Moreno, y el Ministerio de Energ\u00eda y Recursos Naturales No Renovables. Estas directrices tienen como ejes la transparencia y eficiencia en la gesti\u00f3n de los recursos p\u00fablicos de los ecuatorianos.<\/span><\/p>\n<p class=\"MsoNormal\" style=\"mso-margin-top-alt: auto; mso-margin-bottom-alt: auto; text-align: justify; text-justify: inter-ideograph; line-height: 10.5pt;\"><span lang=\"ES\" style=\"font-size: 9pt; font-family: Tahoma, sans-serif;\">Simpson Nankervis, tiene 63 a\u00f1os, naci\u00f3 en Anc\u00f3n, provincia de Santa Elena, es graduado en la Universidad de Austin \u2013 Texas, y cuenta con una amplia trayectoria en el desarrollo de proyectos energ\u00e9ticos, lo cual contribuir\u00e1 a la consecuci\u00f3n de los objetivos institucionales y metas gubernamentales.<\/span><\/p>\n<p class=\"MsoNormal\" style=\"mso-margin-top-alt: auto; mso-margin-bottom-alt: auto; text-align: justify; text-justify: inter-ideograph; line-height: 10.5pt;\"><span lang=\"ES\" style=\"font-size: 9pt; font-family: Tahoma, sans-serif;\">La Corporaci\u00f3n El\u00e9ctrica del Ecuador CELEC EP es la responsable de la generaci\u00f3n y transmisi\u00f3n del 80 por ciento de la energ\u00eda que consume el pa\u00eds, a trav\u00e9s de sus respectivas centrales, para satisfacer la demanda nacional, con altos est\u00e1ndares de calidad y eficiencia, y actuando responsablemente con la comunidad y el ambiente.<\/span><\/p>\n","protected":false},"excerpt":{"rendered":"<p>Robert Simpson asume la Gerencia General de la Corporaci\u00f3n El\u00e9ctrica del Ecuador CELEC EP El pasado 17 de enero, el Directorio de la Corporaci\u00f3n El\u00e9ctrica del Ecuador CELEC EP, mediante resoluci\u00f3n Nro. RD\u2013002- 2019, nombr\u00f3 a Robert Simpson Nankervis como nuevo Gerente General de la Corporaci\u00f3n.<\/p>\n","protected":false},"author":1,"featured_media":0,"comment_status":"open","ping_status":"open","sticky":false,"template":"","format":"standard","meta":{"_acf_changed":false,"_themeisle_gutenberg_block_has_review":false,"footnotes":""},"categories":[8],"tags":[],"class_list":["post-317","post","type-post","status-publish","format-standard","hentry","category-noticias"],"acf":[],"_links":{"self":[{"href":"https:\/\/www.celec.gob.ec\/cocacodo\/wp-json\/wp\/v2\/posts\/317","targetHints":{"allow":["GET"]}}],"collection":[{"href":"https:\/\/www.celec.gob.ec\/cocacodo\/wp-json\/wp\/v2\/posts"}],"about":[{"href":"https:\/\/www.celec.gob.ec\/cocacodo\/wp-json\/wp\/v2\/types\/post"}],"author":[{"embeddable":true,"href":"https:\/\/www.celec.gob.ec\/cocacodo\/wp-json\/wp\/v2\/users\/1"}],"replies":[{"embeddable":true,"href":"https:\/\/www.celec.gob.ec\/cocacodo\/wp-json\/wp\/v2\/comments?post=317"}],"version-history":[{"count":0,"href":"https:\/\/www.celec.gob.ec\/cocacodo\/wp-json\/wp\/v2\/posts\/317\/revisions"}],"wp:attachment":[{"href":"https:\/\/www.celec.gob.ec\/cocacodo\/wp-json\/wp\/v2\/media?parent=317"}],"wp:term":[{"taxonomy":"category","embeddable":true,"href":"https:\/\/www.celec.gob.ec\/cocacodo\/wp-json\/wp\/v2\/categories?post=317"},{"taxonomy":"post_tag","embeddable":true,"href":"https:\/\/www.celec.gob.ec\/cocacodo\/wp-json\/wp\/v2\/tags?post=317"}],"curies":[{"name":"wp","href":"https:\/\/api.w.org\/{rel}","templated":true}]}}