{"id":318,"date":"2019-01-21T20:14:58","date_gmt":"2019-01-22T01:14:58","guid":{"rendered":"https:\/\/www.celec.gob.ec\/cocacodo\/?p=410"},"modified":"2019-01-21T20:14:58","modified_gmt":"2019-01-22T01:14:58","slug":"se-coordinan-proyectos-para-los-habitantes-de-la-zona-de-influencia-de-la-central-minas-san-francisco","status":"publish","type":"post","link":"https:\/\/www.celec.gob.ec\/cocacodo\/noticias\/se-coordinan-proyectos-para-los-habitantes-de-la-zona-de-influencia-de-la-central-minas-san-francisco\/","title":{"rendered":"BOLET\u00cdN DE PRENSA"},"content":{"rendered":"<p class=\"MsoNormal\" style=\"line-height: normal; text-align: center;\"><span lang=\"ES\" style=\"font-size: 9pt; font-family: Tahoma, sans-serif;\"><b style=\"font-family: Tahoma, Helvetica, Arial, sans-serif; font-size: 12.16px;\"><span lang=\"ES\" style=\"font-size: 9pt; font-family: Tahoma, sans-serif;\">Se coordinan proyectos para los habitantes de la zona de influencia de la Central Minas San Francisco<\/span><\/b> <\/span><\/p>\n<p class=\"MsoNormal\" style=\"mso-margin-top-alt: auto; mso-margin-bottom-alt: auto; text-align: justify; line-height: 10.5pt;\"><span lang=\"ES\" style=\"font-size: 9pt; font-family: Tahoma, sans-serif;\"><span style=\"font-size: 9pt;\">El jueves 17 de enero, la Subsecretaria Nacional de la Gesti\u00f3n de la Pol\u00edtica zonal 6 y delegados de la Corporaci\u00f3n El\u00e9ctrica del Ecuador CELEC EP, Unidad de Negocio Enerjubones, mantuvieron una reuni\u00f3n con los representantes de los diferentes entidades p\u00fablicas con el objetivo de coordinar acciones y proyectos que beneficien a los habitantes de las comunidades del cant\u00f3n Pucar\u00e1.<\/span><\/span><\/p>\n<p><!--more--><\/p>\n<p class=\"MsoNormal\" style=\"mso-margin-top-alt: auto; mso-margin-bottom-alt: auto; text-align: justify; text-justify: inter-ideograph; line-height: 10.5pt;\"><span lang=\"ES\" style=\"font-size: 9pt; font-family: Tahoma, sans-serif;\">Asistieron representantes de la zona 6 del Seguro Campesino, Ministerio de Salud P\u00fablica, Ministerio de Educaci\u00f3n, Ministerio de Econom\u00eda Popular y Solidaria, Ministerio de Desarrollo Urbano y Vivienda, Ministerio de Agricultura y Ganader\u00eda y representantes del Municipio de Pucar\u00e1.<\/span><\/p>\n<p class=\"MsoNormal\" style=\"mso-margin-top-alt: auto; mso-margin-bottom-alt: auto; text-align: justify; text-justify: inter-ideograph; line-height: 10.5pt;\"><span lang=\"ES\" style=\"font-size: 9pt; font-family: Tahoma, sans-serif;\">Esteban Avil\u00e9s, Subsecretario Nacional de la Gesti\u00f3n de la Pol\u00edtica zonal 6, manifest\u00f3 que despu\u00e9s de haber mantenido varias conversaciones con CELEC EP ENERJUBONES, se concret\u00f3 una reuni\u00f3n con la finalidad que se propongan diferentes acciones a implementar.<\/span><\/p>\n<p class=\"MsoNormal\" style=\"mso-margin-top-alt: auto; mso-margin-bottom-alt: auto; text-align: justify; text-justify: inter-ideograph; line-height: 10.5pt;\"><span lang=\"ES\" style=\"font-size: 9pt; font-family: Tahoma, sans-serif;\">William B\u00e1rcenes, Gerente de CELEC EP ENERJUBONES, record\u00f3 que la Central contempl\u00f3 dentro de su Plan de Manejo Social y Ambiental un programa de desarrollo comunitario, a trav\u00e9s del cual se ha emprendido varias obras para mejorar las condiciones de vida de los habitantes de las 12 comunidades.<\/span><\/p>\n<p class=\"MsoNormal\" style=\"mso-margin-top-alt: auto; mso-margin-bottom-alt: auto; text-align: justify; text-justify: inter-ideograph; line-height: 10.5pt;\"><span lang=\"ES\" style=\"font-size: 9pt; font-family: Tahoma, sans-serif;\">Acot\u00f3 adem\u00e1s que a trav\u00e9s de estas coordinaciones se busca generar proyectos a implementarse durante la nueva etapa de operaci\u00f3n de la Central Hidroel\u00e9ctrica Minas San Francisco, a fin de seguir aportando en obras que beneficien a los habitantes que est\u00e1n dentro de la zona de influencia.<\/span><\/p>\n<p class=\"MsoNormal\" style=\"mso-margin-top-alt: auto; mso-margin-bottom-alt: auto; text-align: justify; text-justify: inter-ideograph; line-height: 10.5pt;\"><span lang=\"ES\" style=\"font-size: 9pt; font-family: Tahoma, sans-serif;\">Esteban Avil\u00e9s recalc\u00f3 que el compromiso de todas las instituciones tiene como objetivo emprender acciones que contribuyan al progreso de los pobladores.<\/span><\/p>\n","protected":false},"excerpt":{"rendered":"<p>Se coordinan proyectos para los habitantes de la zona de influencia de la Central Minas San Francisco El jueves 17 de enero, la Subsecretaria Nacional de la Gesti\u00f3n de la Pol\u00edtica zonal 6 y delegados de la Corporaci\u00f3n El\u00e9ctrica del Ecuador CELEC EP, Unidad de Negocio Enerjubones, mantuvieron una reuni\u00f3n con los representantes de los [&hellip;]<\/p>\n","protected":false},"author":1,"featured_media":0,"comment_status":"open","ping_status":"open","sticky":false,"template":"","format":"standard","meta":{"_acf_changed":false,"_themeisle_gutenberg_block_has_review":false,"footnotes":""},"categories":[8],"tags":[],"class_list":["post-318","post","type-post","status-publish","format-standard","hentry","category-noticias"],"acf":[],"_links":{"self":[{"href":"https:\/\/www.celec.gob.ec\/cocacodo\/wp-json\/wp\/v2\/posts\/318","targetHints":{"allow":["GET"]}}],"collection":[{"href":"https:\/\/www.celec.gob.ec\/cocacodo\/wp-json\/wp\/v2\/posts"}],"about":[{"href":"https:\/\/www.celec.gob.ec\/cocacodo\/wp-json\/wp\/v2\/types\/post"}],"author":[{"embeddable":true,"href":"https:\/\/www.celec.gob.ec\/cocacodo\/wp-json\/wp\/v2\/users\/1"}],"replies":[{"embeddable":true,"href":"https:\/\/www.celec.gob.ec\/cocacodo\/wp-json\/wp\/v2\/comments?post=318"}],"version-history":[{"count":0,"href":"https:\/\/www.celec.gob.ec\/cocacodo\/wp-json\/wp\/v2\/posts\/318\/revisions"}],"wp:attachment":[{"href":"https:\/\/www.celec.gob.ec\/cocacodo\/wp-json\/wp\/v2\/media?parent=318"}],"wp:term":[{"taxonomy":"category","embeddable":true,"href":"https:\/\/www.celec.gob.ec\/cocacodo\/wp-json\/wp\/v2\/categories?post=318"},{"taxonomy":"post_tag","embeddable":true,"href":"https:\/\/www.celec.gob.ec\/cocacodo\/wp-json\/wp\/v2\/tags?post=318"}],"curies":[{"name":"wp","href":"https:\/\/api.w.org\/{rel}","templated":true}]}}