{"id":323,"date":"2019-01-15T13:45:39","date_gmt":"2019-01-15T18:45:39","guid":{"rendered":"https:\/\/www.celec.gob.ec\/cocacodo\/?p=405"},"modified":"2019-01-15T13:45:39","modified_gmt":"2019-01-15T18:45:39","slug":"la-central-hidroelectrica-minas-san-francisco-se-inaugurara-este-martes-15-de-enero","status":"publish","type":"post","link":"https:\/\/www.celec.gob.ec\/cocacodo\/noticias\/la-central-hidroelectrica-minas-san-francisco-se-inaugurara-este-martes-15-de-enero\/","title":{"rendered":"BOLET\u00cdN DE PRENSA"},"content":{"rendered":"<p class=\"MsoNormal\" style=\"line-height: normal; text-align: center;\"><span lang=\"ES\" style=\"font-size: 9pt; font-family: Tahoma, sans-serif;\"><b style=\"font-family: Tahoma, Helvetica, Arial, sans-serif; font-size: 12.16px;\"><span lang=\"ES\" style=\"font-size: 9pt; font-family: Tahoma, sans-serif;\">La Central Hidroel\u00e9ctrica Minas San Francisco se inaugurar\u00e1 este martes 15 de enero<\/span><\/b> <\/span><\/p>\n<p class=\"MsoNormal\" style=\"mso-margin-top-alt: auto; mso-margin-bottom-alt: auto; text-align: justify; line-height: 10.5pt;\"><span lang=\"ES\" style=\"font-size: 9pt; font-family: Tahoma, sans-serif;\"><span style=\"font-size: 9pt;\">Este martes 15 de enero de 2019, se inaugurar\u00e1 la central hidroel\u00e9ctrica Minas San Francisco, ubicada entre las provincias de Azuay y El Oro. En el acto participar\u00e1n el ministro de Energ\u00eda y Recursos Naturales No Renovables, Carlos P\u00e9rez, autoridades del sector el\u00e9ctrico y representantes de las comunidades.<\/span><\/span><\/p>\n<p><!--more--><\/p>\n<p class=\"MsoNormal\" style=\"mso-margin-top-alt: auto; mso-margin-bottom-alt: auto; text-align: justify; text-justify: inter-ideograph; line-height: 10.5pt;\"><span lang=\"ES\" style=\"font-size: 9pt; font-family: Tahoma, sans-serif;\">El Gobierno Nacional del presidente de la Rep\u00fablica, Len\u00edn Moreno, impuls\u00f3 la \u00faltima etapa de construcci\u00f3n y la puesta en operaci\u00f3n de esta obra a trav\u00e9s de la generaci\u00f3n de di\u00e1logos con los constructores y fiscalizadores. Durante la ejecuci\u00f3n del proyecto se realizaron optimizaciones en varios de los componentes de las obras, lo cual permiti\u00f3 garantizar la inversi\u00f3n de todos los ecuatorianos.<\/span><\/p>\n<p class=\"MsoNormal\" style=\"mso-margin-top-alt: auto; mso-margin-bottom-alt: auto; text-align: justify; text-justify: inter-ideograph; line-height: 10.5pt;\"><span lang=\"ES\" style=\"font-size: 9pt; font-family: Tahoma, sans-serif;\">Con una capacidad de 270 MW (megavatios) de potencia nominal instalada, la nueva central hidroel\u00e9ctrica contribuye al Sistema Nacional Interconectado con 1290 GWH (gigavatios hora al a\u00f1o). Inici\u00f3 su operaci\u00f3n a partir del primero de noviembre de 2018, conforme dispuso el Operador Nacional de Electricidad, CENACE. Su inversi\u00f3n fue de USD 479,3 millones.<\/span><\/p>\n","protected":false},"excerpt":{"rendered":"<p>La Central Hidroel\u00e9ctrica Minas San Francisco se inaugurar\u00e1 este martes 15 de enero Este martes 15 de enero de 2019, se inaugurar\u00e1 la central hidroel\u00e9ctrica Minas San Francisco, ubicada entre las provincias de Azuay y El Oro. En el acto participar\u00e1n el ministro de Energ\u00eda y Recursos Naturales No Renovables, Carlos P\u00e9rez, autoridades del sector [&hellip;]<\/p>\n","protected":false},"author":1,"featured_media":0,"comment_status":"open","ping_status":"open","sticky":false,"template":"","format":"standard","meta":{"_acf_changed":false,"_themeisle_gutenberg_block_has_review":false,"footnotes":""},"categories":[8],"tags":[],"class_list":["post-323","post","type-post","status-publish","format-standard","hentry","category-noticias"],"acf":[],"_links":{"self":[{"href":"https:\/\/www.celec.gob.ec\/cocacodo\/wp-json\/wp\/v2\/posts\/323","targetHints":{"allow":["GET"]}}],"collection":[{"href":"https:\/\/www.celec.gob.ec\/cocacodo\/wp-json\/wp\/v2\/posts"}],"about":[{"href":"https:\/\/www.celec.gob.ec\/cocacodo\/wp-json\/wp\/v2\/types\/post"}],"author":[{"embeddable":true,"href":"https:\/\/www.celec.gob.ec\/cocacodo\/wp-json\/wp\/v2\/users\/1"}],"replies":[{"embeddable":true,"href":"https:\/\/www.celec.gob.ec\/cocacodo\/wp-json\/wp\/v2\/comments?post=323"}],"version-history":[{"count":0,"href":"https:\/\/www.celec.gob.ec\/cocacodo\/wp-json\/wp\/v2\/posts\/323\/revisions"}],"wp:attachment":[{"href":"https:\/\/www.celec.gob.ec\/cocacodo\/wp-json\/wp\/v2\/media?parent=323"}],"wp:term":[{"taxonomy":"category","embeddable":true,"href":"https:\/\/www.celec.gob.ec\/cocacodo\/wp-json\/wp\/v2\/categories?post=323"},{"taxonomy":"post_tag","embeddable":true,"href":"https:\/\/www.celec.gob.ec\/cocacodo\/wp-json\/wp\/v2\/tags?post=323"}],"curies":[{"name":"wp","href":"https:\/\/api.w.org\/{rel}","templated":true}]}}