{"id":324,"date":"2019-01-11T21:22:43","date_gmt":"2019-01-12T02:22:43","guid":{"rendered":"https:\/\/www.celec.gob.ec\/cocacodo\/?p=404"},"modified":"2019-01-11T21:22:43","modified_gmt":"2019-01-12T02:22:43","slug":"celec-ep-expone-avances-de-proyectos-geotermicos-a-embajadores-de-japon-y-alemania","status":"publish","type":"post","link":"https:\/\/www.celec.gob.ec\/cocacodo\/noticias\/celec-ep-expone-avances-de-proyectos-geotermicos-a-embajadores-de-japon-y-alemania\/","title":{"rendered":"BOLET\u00cdN DE PRENSA"},"content":{"rendered":"<p class=\"MsoNormal\" style=\"line-height: normal; text-align: center;\"><span lang=\"ES\" style=\"font-size: 9pt; font-family: Tahoma, sans-serif;\"><b style=\"font-family: Tahoma, Helvetica, Arial, sans-serif; font-size: 12.16px;\"><span lang=\"ES\" style=\"font-size: 9pt; font-family: Tahoma, sans-serif;\">CELEC EP expone avances de proyectos geot\u00e9rmicos a embajadores de Jap\u00f3n y Alemania<\/span><\/b> <\/span><\/p>\n<p class=\"MsoNormal\" style=\"mso-margin-top-alt: auto; mso-margin-bottom-alt: auto; text-align: justify; line-height: 10.5pt;\"><span lang=\"ES\" style=\"font-size: 9pt; font-family: Tahoma, sans-serif;\"><span style=\"font-size: 9pt;\">Representantes de la Corporaci\u00f3n El\u00e9ctrica del Ecuador CELEC EP, junto al Ingeniero Marco Valencia, delegado del viceministro de Energ\u00eda, recibieron a los embajadores de Jap\u00f3n, Yuji Sudo, y Alemania, Joachim Ennst VonMarchall, y a Takeo Ishikawa, representante de la Agencia de Cooperaci\u00f3n Internacional (JICA por sus siglas en ingl\u00e9s) en Ecuador, para informar acerca de los situaci\u00f3n de los proyectos geot\u00e9rmicos Chachimbiro y Chacana, ubicados en las provincias de Imbabura y Napo, respectivamente.<\/span><\/span><\/p>\n<p><!--more--><\/p>\n<p class=\"MsoNormal\" style=\"mso-margin-top-alt: auto; mso-margin-bottom-alt: auto; text-align: justify; text-justify: inter-ideograph; line-height: 10.5pt;\"><span lang=\"ES\" style=\"font-size: 9pt; font-family: Tahoma, sans-serif;\">Vladimir Burbano, gerente de CELEC EP Termopichincha, destac\u00f3 la colaboraci\u00f3n entregada por los gobiernos de Jap\u00f3n y Alemania para el desarrollo de las etapas de exploraci\u00f3n de los proyectos geot\u00e9rmicos Chachimbiro y Chacana.<\/span><\/p>\n<p class=\"MsoNormal\" style=\"mso-margin-top-alt: auto; mso-margin-bottom-alt: auto; text-align: justify; text-justify: inter-ideograph; line-height: 10.5pt;\"><span lang=\"ES\" style=\"font-size: 9pt; font-family: Tahoma, sans-serif;\">Asimismo, los diplom\u00e1ticos de los dos pa\u00edses mostraron su inter\u00e9s por conocer m\u00e1s de acerca los proyectos geot\u00e9rmicos a los que sus Gobiernos han entregado apoyo financiero, por lo cual recibieron una explicaci\u00f3n t\u00e9cnica sobre la energ\u00eda geot\u00e9rmica y sus posibilidades de aplicaci\u00f3n en Ecuador.<\/span><\/p>\n<p class=\"MsoNormal\" style=\"mso-margin-top-alt: auto; mso-margin-bottom-alt: auto; text-align: justify; text-justify: inter-ideograph; line-height: 10.5pt;\"><span lang=\"ES\" style=\"font-size: 9pt; font-family: Tahoma, sans-serif;\">Marco Valencia, subsecretario de Generaci\u00f3n y Transmisi\u00f3n de Energ\u00eda, delegado del Ministerio de Energ\u00eda y Recursos Naturales No Renovables, destac\u00f3 que el Gobierno Nacional busca alternativas para la implementaci\u00f3n de nuevos proyectos de generaci\u00f3n el\u00e9ctrica a trav\u00e9s de cooperaci\u00f3n p\u00fablico privada.<\/span><\/p>\n<p class=\"MsoNormal\" style=\"mso-margin-top-alt: auto; mso-margin-bottom-alt: auto; text-align: justify; text-justify: inter-ideograph; line-height: 10.5pt;\"><span lang=\"ES\" style=\"font-size: 9pt; font-family: Tahoma, sans-serif;\">Alemania y Jap\u00f3n son aliados estrat\u00e9gicos del Ecuador en la exploraci\u00f3n geot\u00e9rmica que se realiza en el pa\u00eds, proceso a cargo de CELEC EP. Es as\u00ed que, el a\u00f1o anterior se inici\u00f3 la puesta en marcha de un plan integral para la exploraci\u00f3n y explotaci\u00f3n de este tipo de energ\u00eda.<\/span><\/p>\n<p class=\"MsoNormal\" style=\"mso-margin-top-alt: auto; mso-margin-bottom-alt: auto; text-align: justify; text-justify: inter-ideograph; line-height: 10.5pt;\"><span lang=\"ES\" style=\"font-size: 9pt; font-family: Tahoma, sans-serif;\">En este tiempo se culmin\u00f3 la etapa de estudios del proyecto Geot\u00e9rmico Chachimbiro, ubicado en el cant\u00f3n Urcuqui, provincia de Imbabura. En noviembre de 2017, CELEC EP Termopichincha, concluy\u00f3 la primera perforaci\u00f3n geot\u00e9rmica realizada en el pa\u00eds, a 2.000 metros de profundidad, la cual arroj\u00f3 los primeros resultados positivos, al confirmar temperaturas mayores a 200\u00b0 C y una alta permeabilidad en la zona. De igual manera, se determin\u00f3 que la capacidad de generaci\u00f3n de este proyecto es de 50 MW. Los resultados arrojados permiten avanzar hacia la segunda etapa que consiste en el desarrollo del campo geot\u00e9rmico.<\/span><\/p>\n<p class=\"MsoNormal\" style=\"mso-margin-top-alt: auto; mso-margin-bottom-alt: auto; text-align: justify; text-justify: inter-ideograph; line-height: 10.5pt;\"><span lang=\"ES\" style=\"font-size: 9pt; font-family: Tahoma, sans-serif;\">Los estudios corresponden a la etapa de prefactibilidad avanzada del proyecto, que cont\u00f3 con el apoyo del Gobierno de Jap\u00f3n, a trav\u00e9s de su Agencia de Cooperaci\u00f3n Internacional, JICA, que ofreci\u00f3 al Ecuador una cooperaci\u00f3n t\u00e9cnica no reembolsable. A esto se suma la transferencia de conocimientos a trav\u00e9s del otorgamiento de becas, el acompa\u00f1amiento t\u00e9cnico cient\u00edfico y la asesor\u00eda permanente para la planificaci\u00f3n y realizaci\u00f3n de las pr\u00f3ximas fases del proyecto.<\/span><\/p>\n<p class=\"MsoNormal\" style=\"mso-margin-top-alt: auto; mso-margin-bottom-alt: auto; text-align: justify; text-justify: inter-ideograph; line-height: 10.5pt;\"><span lang=\"ES\" style=\"font-size: 9pt; font-family: Tahoma, sans-serif;\">Por otro lado, el proyecto geot\u00e9rmico Chacana, ubicado entre las provincias de Pichincha y Napo, se encuentra en nivel de prefactibilidad inicial, y es financiado a trav\u00e9s de un fondo no reembolsable otorgado por GDF (Geothermical Development Fund) de alrededor del 40% de los estudios superficiales.<\/span><\/p>\n<p class=\"MsoNormal\" style=\"mso-margin-top-alt: auto; mso-margin-bottom-alt: auto; text-align: justify; text-justify: inter-ideograph; line-height: 10.5pt;\"><span lang=\"ES\" style=\"font-size: 9pt; font-family: Tahoma, sans-serif;\">Los primeros estudios permitieron identificar a Jamanco como el prospecto viable para la generaci\u00f3n el\u00e9ctrica debido a sus caracter\u00edsticas t\u00e9cnicas, ambientales y log\u00edsticas; se determin\u00f3 la realizaci\u00f3n de perforaciones someras y gravimetr\u00eda complementaria, estudios complementarios que permitir\u00e1n definir los sitios para la perforaci\u00f3n profunda. <\/span><\/p>\n<p class=\"MsoNormal\" style=\"mso-margin-top-alt: auto; mso-margin-bottom-alt: auto; text-align: justify; text-justify: inter-ideograph; line-height: 10.5pt;\"><span lang=\"ES\" style=\"font-size: 9pt; font-family: Tahoma, sans-serif;\">La Corporaci\u00f3n El\u00e9ctrica del Ecuador CELEC EP trabaja en el desarrollo de nuevos proyectos de generaci\u00f3n el\u00e9ctrica con fuentes renovables y afianzando relaciones bilaterales que permitan consolidar la implementaci\u00f3n de los mismos.<\/span><\/p>\n","protected":false},"excerpt":{"rendered":"<p>CELEC EP expone avances de proyectos geot\u00e9rmicos a embajadores de Jap\u00f3n y Alemania Representantes de la Corporaci\u00f3n El\u00e9ctrica del Ecuador CELEC EP, junto al Ingeniero Marco Valencia, delegado del viceministro de Energ\u00eda, recibieron a los embajadores de Jap\u00f3n, Yuji Sudo, y Alemania, Joachim Ennst VonMarchall, y a Takeo Ishikawa, representante de la Agencia de Cooperaci\u00f3n [&hellip;]<\/p>\n","protected":false},"author":1,"featured_media":0,"comment_status":"open","ping_status":"open","sticky":false,"template":"","format":"standard","meta":{"_acf_changed":false,"_themeisle_gutenberg_block_has_review":false,"footnotes":""},"categories":[8],"tags":[],"class_list":["post-324","post","type-post","status-publish","format-standard","hentry","category-noticias"],"acf":[],"_links":{"self":[{"href":"https:\/\/www.celec.gob.ec\/cocacodo\/wp-json\/wp\/v2\/posts\/324","targetHints":{"allow":["GET"]}}],"collection":[{"href":"https:\/\/www.celec.gob.ec\/cocacodo\/wp-json\/wp\/v2\/posts"}],"about":[{"href":"https:\/\/www.celec.gob.ec\/cocacodo\/wp-json\/wp\/v2\/types\/post"}],"author":[{"embeddable":true,"href":"https:\/\/www.celec.gob.ec\/cocacodo\/wp-json\/wp\/v2\/users\/1"}],"replies":[{"embeddable":true,"href":"https:\/\/www.celec.gob.ec\/cocacodo\/wp-json\/wp\/v2\/comments?post=324"}],"version-history":[{"count":0,"href":"https:\/\/www.celec.gob.ec\/cocacodo\/wp-json\/wp\/v2\/posts\/324\/revisions"}],"wp:attachment":[{"href":"https:\/\/www.celec.gob.ec\/cocacodo\/wp-json\/wp\/v2\/media?parent=324"}],"wp:term":[{"taxonomy":"category","embeddable":true,"href":"https:\/\/www.celec.gob.ec\/cocacodo\/wp-json\/wp\/v2\/categories?post=324"},{"taxonomy":"post_tag","embeddable":true,"href":"https:\/\/www.celec.gob.ec\/cocacodo\/wp-json\/wp\/v2\/tags?post=324"}],"curies":[{"name":"wp","href":"https:\/\/api.w.org\/{rel}","templated":true}]}}