{"id":325,"date":"2019-01-11T21:16:38","date_gmt":"2019-01-12T02:16:38","guid":{"rendered":"https:\/\/www.celec.gob.ec\/cocacodo\/?p=403"},"modified":"2019-01-11T21:16:38","modified_gmt":"2019-01-12T02:16:38","slug":"dispensario-medico-de-celec-ep-reanuda-atencion-a-la-comunidad-esmeraldena","status":"publish","type":"post","link":"https:\/\/www.celec.gob.ec\/cocacodo\/noticias\/dispensario-medico-de-celec-ep-reanuda-atencion-a-la-comunidad-esmeraldena\/","title":{"rendered":"BOLET\u00cdN DE PRENSA"},"content":{"rendered":"<p class=\"MsoNormal\" style=\"line-height: normal; text-align: center;\"><span lang=\"ES\" style=\"font-size: 9pt; font-family: Tahoma, sans-serif;\"><b style=\"font-family: Tahoma, Helvetica, Arial, sans-serif; font-size: 12.16px;\"><span lang=\"ES\" style=\"font-size: 9pt; font-family: Tahoma, sans-serif;\">Dispensario m\u00e9dico de CELEC EP reanuda atenci\u00f3n a la comunidad esmeralde\u00f1a<\/span><\/b> <\/span><\/p>\n<p class=\"MsoNormal\" style=\"mso-margin-top-alt: auto; mso-margin-bottom-alt: auto; text-align: justify; line-height: 10.5pt;\"><span lang=\"ES\" style=\"font-size: 9pt; font-family: Tahoma, sans-serif;\"><span style=\"font-size: 9pt;\">Este viernes 11 de enero, a partir de las 15h30, se cumplir\u00e1 el acto de reapertura del dispensario y farmacia de CELEC EP Termoesmeraldas, para brindar atenci\u00f3n m\u00e9dica gratuita a los habitantes del sector sur de la ciudad de Esmeraldas, que se encuentra en la zona de influencia de las Centrales T\u00e9rmicas.<\/span><\/span><\/p>\n<p><!--more--><\/p>\n<p class=\"MsoNormal\" style=\"mso-margin-top-alt: auto; mso-margin-bottom-alt: auto; text-align: justify; text-justify: inter-ideograph; line-height: 10.5pt;\"><span lang=\"ES\" style=\"font-size: 9pt; font-family: Tahoma, sans-serif;\">El puesto de salud, ubicado en el barrio 15 de marzo, suspendi\u00f3 su atenci\u00f3n por motivo de inventario, desde el pasado mes de noviembre del 2018, a\u00f1o en que se brind\u00f3 atenci\u00f3n primaria de salud a aproximadamente 27.000 pacientes, en medicina general, pediatria y odontolog\u00eda; para el presente a\u00f1o se contar\u00e1 con una profesional en obstetricia para atender los requerimientos de la poblaci\u00f3n femenina.<\/span><\/p>\n<p class=\"MsoNormal\" style=\"mso-margin-top-alt: auto; mso-margin-bottom-alt: auto; text-align: justify; text-justify: inter-ideograph; line-height: 10.5pt;\"><span lang=\"ES\" style=\"font-size: 9pt; font-family: Tahoma, sans-serif;\">Para el acto de reapertura del dispensario y farmacia, se invit\u00f3 a rectores y directores de establecimientos educativos del sector, al Gobernador de la provincia, a la Dra. Betsabeth Paladines, Reina de Esmeraldas, al Director Distrital de Salud, a los medios de comunicaci\u00f3n y a los moradores del sector.<\/span><\/p>\n<p class=\"MsoNormal\" style=\"mso-margin-top-alt: auto; mso-margin-bottom-alt: auto; text-align: justify; text-justify: inter-ideograph; line-height: 10.5pt;\"><span lang=\"ES\" style=\"font-size: 9pt; font-family: Tahoma, sans-serif;\">Vale recordar que el funcionamiento del dispensario m\u00e9dico de CELEC EP para los barrios del sur de la ciudad de Esmeraldas, est\u00e1 contemplado en el Plan de Manejo Social y Ambiental de la Central T\u00e9rmica Esmeraldas I, desde el a\u00f1o 2007; el promedio de atenci\u00f3n que se registra en consulta son 100 pacientes diarios y 300 personas en las brigadas de salud preventiva que se realizan dos veces por mes en diferentes sectores.<\/span><\/p>\n","protected":false},"excerpt":{"rendered":"<p>Dispensario m\u00e9dico de CELEC EP reanuda atenci\u00f3n a la comunidad esmeralde\u00f1a Este viernes 11 de enero, a partir de las 15h30, se cumplir\u00e1 el acto de reapertura del dispensario y farmacia de CELEC EP Termoesmeraldas, para brindar atenci\u00f3n m\u00e9dica gratuita a los habitantes del sector sur de la ciudad de Esmeraldas, que se encuentra en [&hellip;]<\/p>\n","protected":false},"author":1,"featured_media":0,"comment_status":"open","ping_status":"open","sticky":false,"template":"","format":"standard","meta":{"_acf_changed":false,"_themeisle_gutenberg_block_has_review":false,"footnotes":""},"categories":[8],"tags":[],"class_list":["post-325","post","type-post","status-publish","format-standard","hentry","category-noticias"],"acf":[],"_links":{"self":[{"href":"https:\/\/www.celec.gob.ec\/cocacodo\/wp-json\/wp\/v2\/posts\/325","targetHints":{"allow":["GET"]}}],"collection":[{"href":"https:\/\/www.celec.gob.ec\/cocacodo\/wp-json\/wp\/v2\/posts"}],"about":[{"href":"https:\/\/www.celec.gob.ec\/cocacodo\/wp-json\/wp\/v2\/types\/post"}],"author":[{"embeddable":true,"href":"https:\/\/www.celec.gob.ec\/cocacodo\/wp-json\/wp\/v2\/users\/1"}],"replies":[{"embeddable":true,"href":"https:\/\/www.celec.gob.ec\/cocacodo\/wp-json\/wp\/v2\/comments?post=325"}],"version-history":[{"count":0,"href":"https:\/\/www.celec.gob.ec\/cocacodo\/wp-json\/wp\/v2\/posts\/325\/revisions"}],"wp:attachment":[{"href":"https:\/\/www.celec.gob.ec\/cocacodo\/wp-json\/wp\/v2\/media?parent=325"}],"wp:term":[{"taxonomy":"category","embeddable":true,"href":"https:\/\/www.celec.gob.ec\/cocacodo\/wp-json\/wp\/v2\/categories?post=325"},{"taxonomy":"post_tag","embeddable":true,"href":"https:\/\/www.celec.gob.ec\/cocacodo\/wp-json\/wp\/v2\/tags?post=325"}],"curies":[{"name":"wp","href":"https:\/\/api.w.org\/{rel}","templated":true}]}}