{"id":336,"date":"2018-11-29T19:25:35","date_gmt":"2018-11-30T00:25:35","guid":{"rendered":"https:\/\/www.celec.gob.ec\/cocacodo\/?p=385"},"modified":"2018-11-29T19:25:35","modified_gmt":"2018-11-30T00:25:35","slug":"celec-ep-y-yachay-ep-suscriben-convenio-especifico-de-cooperacion-institucional","status":"publish","type":"post","link":"https:\/\/www.celec.gob.ec\/cocacodo\/noticias\/celec-ep-y-yachay-ep-suscriben-convenio-especifico-de-cooperacion-institucional\/","title":{"rendered":"BOLET\u00cdN DE PRENSA"},"content":{"rendered":"<p class=\"MsoNormal\" style=\"line-height: normal; text-align: center;\"><span lang=\"ES\" style=\"font-size: 9pt; font-family: Tahoma, sans-serif;\"><b style=\"font-family: Tahoma, Helvetica, Arial, sans-serif; font-size: 12.16px;\"><span lang=\"ES\" style=\"font-size: 9pt; font-family: Tahoma, sans-serif;\">CELEC EP y Yachay EP suscriben Convenio Espec\u00edfico de Cooperaci\u00f3n Institucional<\/span><\/b> <\/span><\/p>\n<p class=\"MsoNormal\" style=\"mso-margin-top-alt: auto; mso-margin-bottom-alt: auto; text-align: justify; line-height: 10.5pt;\"><span lang=\"ES\" style=\"font-size: 9pt; font-family: Tahoma, sans-serif;\"><span style=\"font-size: 9pt;\">Con el fin de optimizar recursos y apoyar la gesti\u00f3n entre empresas p\u00fablicas, el pasado 28 de noviembre, en el cant\u00f3n Urcuqu\u00ed (Imbabura), la Corporaci\u00f3n El\u00e9ctrica del Ecuador CELEC EP y Yachay EP, suscribieron el Convenio Espec\u00edfico de Cooperaci\u00f3n Interinstitucional.<\/span><\/span><\/p>\n<p><!--more--><\/p>\n<p class=\"MsoNormal\" style=\"mso-margin-top-alt: auto; mso-margin-bottom-alt: auto; text-align: justify; text-justify: inter-ideograph; line-height: 10.5pt;\"><span lang=\"ES\" style=\"font-size: 9pt; font-family: Tahoma, sans-serif;\">El convenio suscrito por Fernando G\u00f3mez, gerente de CELEC EP TRANSELECTRIC y por Jorge Mart\u00ednez, gerente general de Yachay EP, permitir\u00e1 que personal t\u00e9cnico de la Corporaci\u00f3n, supervise los trabajos relacionados a la construcci\u00f3n y puesta en servicio de la nueva posici\u00f3n de l\u00ednea Yachay a 69 kilovoltios, dentro de la subestaci\u00f3n Ibarra administrada por CELEC EP.<\/span><\/p>\n<p class=\"MsoNormal\" style=\"mso-margin-top-alt: auto; mso-margin-bottom-alt: auto; text-align: justify; text-justify: inter-ideograph; line-height: 10.5pt;\"><span lang=\"ES\" style=\"font-size: 9pt; font-family: Tahoma, sans-serif;\">Yachay EP construir\u00e1 una posici\u00f3n a nivel de 69 kV en la subestaci\u00f3n Ibarra, ubicada en el sector Bellavista de la Ciudad Blanca, para proveer de energ\u00eda el\u00e9ctrica a la Ciudad del Conocimiento, a trav\u00e9s de una l\u00ednea de subtransmisi\u00f3n con una longitud de 6.6 km.<\/span><\/p>\n<p class=\"MsoNormal\" style=\"mso-margin-top-alt: auto; mso-margin-bottom-alt: auto; text-align: justify; text-justify: inter-ideograph; line-height: 10.5pt;\"><span lang=\"ES\" style=\"font-size: 9pt; font-family: Tahoma, sans-serif;\">Durante su intervenci\u00f3n Fernando G\u00f3mez manifest\u00f3 que aportar a instituciones como Yachay EP, para que cuenten con energ\u00eda confiable y puedan desarrollar sus proyectos enfocados a la investigaci\u00f3n son iniciativas que tienen que continuar.<\/span><\/p>\n<p class=\"MsoNormal\" style=\"mso-margin-top-alt: auto; mso-margin-bottom-alt: auto; text-align: justify; text-justify: inter-ideograph; line-height: 10.5pt;\"><span lang=\"ES\" style=\"font-size: 9pt; font-family: Tahoma, sans-serif;\">Esta decisi\u00f3n fortalece las instalaciones de Yachay EP y garantiza su desarrollo, el Convenio Espec\u00edfico de Cooperaci\u00f3n, tendr\u00e1 una vigencia 2 a\u00f1os, contados a partir de la fecha de suscripci\u00f3n. <\/span><\/p>\n","protected":false},"excerpt":{"rendered":"<p>CELEC EP y Yachay EP suscriben Convenio Espec\u00edfico de Cooperaci\u00f3n Institucional Con el fin de optimizar recursos y apoyar la gesti\u00f3n entre empresas p\u00fablicas, el pasado 28 de noviembre, en el cant\u00f3n Urcuqu\u00ed (Imbabura), la Corporaci\u00f3n El\u00e9ctrica del Ecuador CELEC EP y Yachay EP, suscribieron el Convenio Espec\u00edfico de Cooperaci\u00f3n Interinstitucional.<\/p>\n","protected":false},"author":1,"featured_media":0,"comment_status":"open","ping_status":"open","sticky":false,"template":"","format":"standard","meta":{"_acf_changed":false,"_themeisle_gutenberg_block_has_review":false,"footnotes":""},"categories":[8],"tags":[],"class_list":["post-336","post","type-post","status-publish","format-standard","hentry","category-noticias"],"acf":[],"_links":{"self":[{"href":"https:\/\/www.celec.gob.ec\/cocacodo\/wp-json\/wp\/v2\/posts\/336","targetHints":{"allow":["GET"]}}],"collection":[{"href":"https:\/\/www.celec.gob.ec\/cocacodo\/wp-json\/wp\/v2\/posts"}],"about":[{"href":"https:\/\/www.celec.gob.ec\/cocacodo\/wp-json\/wp\/v2\/types\/post"}],"author":[{"embeddable":true,"href":"https:\/\/www.celec.gob.ec\/cocacodo\/wp-json\/wp\/v2\/users\/1"}],"replies":[{"embeddable":true,"href":"https:\/\/www.celec.gob.ec\/cocacodo\/wp-json\/wp\/v2\/comments?post=336"}],"version-history":[{"count":0,"href":"https:\/\/www.celec.gob.ec\/cocacodo\/wp-json\/wp\/v2\/posts\/336\/revisions"}],"wp:attachment":[{"href":"https:\/\/www.celec.gob.ec\/cocacodo\/wp-json\/wp\/v2\/media?parent=336"}],"wp:term":[{"taxonomy":"category","embeddable":true,"href":"https:\/\/www.celec.gob.ec\/cocacodo\/wp-json\/wp\/v2\/categories?post=336"},{"taxonomy":"post_tag","embeddable":true,"href":"https:\/\/www.celec.gob.ec\/cocacodo\/wp-json\/wp\/v2\/tags?post=336"}],"curies":[{"name":"wp","href":"https:\/\/api.w.org\/{rel}","templated":true}]}}