{"id":379,"date":"2018-09-21T20:40:26","date_gmt":"2018-09-22T01:40:26","guid":{"rendered":"https:\/\/www.celec.gob.ec\/cocacodo\/?p=337"},"modified":"2018-09-21T20:40:26","modified_gmt":"2018-09-22T01:40:26","slug":"celec-ep-y-cenace-suscriben-convenio-para-fortalecer-al-sector-electrico","status":"publish","type":"post","link":"https:\/\/www.celec.gob.ec\/cocacodo\/noticias\/celec-ep-y-cenace-suscriben-convenio-para-fortalecer-al-sector-electrico\/","title":{"rendered":"BOLET\u00cdN DE PRENSA"},"content":{"rendered":"<p class=\"MsoNormal\" style=\"line-height: normal; text-align: center;\"><span lang=\"ES\" style=\"font-size: 9pt; font-family: Tahoma, sans-serif;\"><b style=\"font-family: Tahoma, Helvetica, Arial, sans-serif; font-size: 12.16px;\"><span lang=\"ES\" style=\"font-size: 9pt; font-family: Tahoma, sans-serif;\">CELEC EP Y CENACE suscriben convenio para fortalecer al sector el\u00e9ctrico<\/span><\/b> <\/span><\/p>\n<p class=\"MsoNormal\" style=\"mso-margin-top-alt: auto; mso-margin-bottom-alt: auto; text-align: justify; line-height: 10.5pt;\"><span lang=\"ES\" style=\"font-size: 9pt; font-family: Tahoma, sans-serif;\"><span style=\"font-size: 9pt;\">Este viernes 21 de septiembre de 2018, la Corporaci\u00f3n El\u00e9ctrica del Ecuador (CELEC EP) y el Operador Nacional de Electricidad (CENACE) suscribieron un convenio marco de cooperaci\u00f3n interinstitucional. El objetivo es fortalecer al sector el\u00e9ctrico nacional, propiciando el intercambio de conocimientos y experiencias, coment\u00f3 el Ingeniero Gonzalo Uquillas Vallejo, Gerente General de CELEC EP.<\/span><\/span><\/p>\n<p><!--more--><\/p>\n<p class=\"MsoNormal\" style=\"mso-margin-top-alt: auto; mso-margin-bottom-alt: auto; text-align: justify; text-justify: inter-ideograph; line-height: 10.5pt;\"><span lang=\"ES\" style=\"font-size: 9pt; font-family: Tahoma, sans-serif;\">Con base en este convenio, que tendr\u00e1 una duraci\u00f3n de cinco a\u00f1os, las dos instituciones ejecutar\u00e1n acciones que permitan coordinar, fomentar, formular y desarrollar actividades conjuntas, las mismas que estar\u00e1n orientadas a la mejora continua de los procesos de operaci\u00f3n t\u00e9cnica del Sistema Nacional Interconectado (SNI) y la administraci\u00f3n comercial de las transacciones de bloques energ\u00e9ticos.<\/span><\/p>\n<p class=\"MsoNormal\" style=\"mso-margin-top-alt: auto; mso-margin-bottom-alt: auto; text-align: justify; text-justify: inter-ideograph; line-height: 10.5pt;\"><span lang=\"ES\" style=\"font-size: 9pt; font-family: Tahoma, sans-serif;\">Asimismo, se propender\u00e1 el desarrollo de actividades de investigaci\u00f3n, innovaci\u00f3n, transferencia de tecnolog\u00eda e informaci\u00f3n, capacitaci\u00f3n especializada y prestaci\u00f3n de servicios, as\u00ed como cualquier otra \u00e1rea de inter\u00e9s mutuo dentro del \u00e1mbito de sus competencias de las instituciones firmantes.<\/span><\/p>\n<p class=\"MsoNormal\" style=\"mso-margin-top-alt: auto; mso-margin-bottom-alt: auto; text-align: justify; text-justify: inter-ideograph; line-height: 10.5pt;\"><span lang=\"ES\" style=\"font-size: 9pt; font-family: Tahoma, sans-serif;\">Seg\u00fan el documento, se podr\u00e1 suscribir convenios espec\u00edficos para la transferencia de informaci\u00f3n (documentos, materiales, etc.), entrenamiento y desarrollo del talento humano a trav\u00e9s de visitas y pasant\u00edas, actividades de investigaci\u00f3n e intercambio de especialistas y servicios de capacitaci\u00f3n, asesor\u00eda t\u00e9cnica y dem\u00e1s proyectos espec\u00edficos. El objetivo es optimizar los recursos de las dos instituciones para el desarrollo del sector el\u00e9ctrico del pa\u00eds.<\/span><\/p>\n<p class=\"MsoNormal\" style=\"mso-margin-top-alt: auto; mso-margin-bottom-alt: auto; text-align: justify; text-justify: inter-ideograph; line-height: 10.5pt;\"><span lang=\"ES\" style=\"font-size: 9pt; font-family: Tahoma, sans-serif;\">La suscripci\u00f3n del convenio estuvo a cargo del Gerente General de CELEC EP, Ingeniero Gonzalo Uquillas Vallejo, y del Ingeniero Gabriel Arg\u00fcello R\u00edos, Director Ejecutivo del CENACE.<\/span><\/p>\n","protected":false},"excerpt":{"rendered":"<p>CELEC EP Y CENACE suscriben convenio para fortalecer al sector el\u00e9ctrico Este viernes 21 de septiembre de 2018, la Corporaci\u00f3n El\u00e9ctrica del Ecuador (CELEC EP) y el Operador Nacional de Electricidad (CENACE) suscribieron un convenio marco de cooperaci\u00f3n interinstitucional. El objetivo es fortalecer al sector el\u00e9ctrico nacional, propiciando el intercambio de conocimientos y experiencias, coment\u00f3 [&hellip;]<\/p>\n","protected":false},"author":1,"featured_media":0,"comment_status":"open","ping_status":"open","sticky":false,"template":"","format":"standard","meta":{"_acf_changed":false,"_themeisle_gutenberg_block_has_review":false,"footnotes":""},"categories":[8],"tags":[],"class_list":["post-379","post","type-post","status-publish","format-standard","hentry","category-noticias"],"acf":[],"_links":{"self":[{"href":"https:\/\/www.celec.gob.ec\/cocacodo\/wp-json\/wp\/v2\/posts\/379","targetHints":{"allow":["GET"]}}],"collection":[{"href":"https:\/\/www.celec.gob.ec\/cocacodo\/wp-json\/wp\/v2\/posts"}],"about":[{"href":"https:\/\/www.celec.gob.ec\/cocacodo\/wp-json\/wp\/v2\/types\/post"}],"author":[{"embeddable":true,"href":"https:\/\/www.celec.gob.ec\/cocacodo\/wp-json\/wp\/v2\/users\/1"}],"replies":[{"embeddable":true,"href":"https:\/\/www.celec.gob.ec\/cocacodo\/wp-json\/wp\/v2\/comments?post=379"}],"version-history":[{"count":0,"href":"https:\/\/www.celec.gob.ec\/cocacodo\/wp-json\/wp\/v2\/posts\/379\/revisions"}],"wp:attachment":[{"href":"https:\/\/www.celec.gob.ec\/cocacodo\/wp-json\/wp\/v2\/media?parent=379"}],"wp:term":[{"taxonomy":"category","embeddable":true,"href":"https:\/\/www.celec.gob.ec\/cocacodo\/wp-json\/wp\/v2\/categories?post=379"},{"taxonomy":"post_tag","embeddable":true,"href":"https:\/\/www.celec.gob.ec\/cocacodo\/wp-json\/wp\/v2\/tags?post=379"}],"curies":[{"name":"wp","href":"https:\/\/api.w.org\/{rel}","templated":true}]}}