{"id":454,"date":"2019-11-27T19:26:27","date_gmt":"2019-11-28T00:26:27","guid":{"rendered":"https:\/\/www.celec.gob.ec\/cocacodo\/?p=506"},"modified":"2019-11-27T19:26:27","modified_gmt":"2019-11-28T00:26:27","slug":"la-unidad-de-negocio-coca-codo-sinclair-de-celec-ep-recibio-el-sello-inclusivo-otorgado-por-el-municipio-de-quito","status":"publish","type":"post","link":"https:\/\/www.celec.gob.ec\/cocacodo\/noticias\/la-unidad-de-negocio-coca-codo-sinclair-de-celec-ep-recibio-el-sello-inclusivo-otorgado-por-el-municipio-de-quito\/","title":{"rendered":"BOLET\u00cdN DE PRENSA"},"content":{"rendered":"<p class=\"MsoNormal\" style=\"line-height: normal; text-align: center;\"><span lang=\"ES\" style=\"font-size: 9pt; font-family: Tahoma, sans-serif;\"><b style=\"font-family: Tahoma, Helvetica, Arial, sans-serif; font-size: 12.16px;\"><span lang=\"ES\" style=\"font-size: 9pt; font-family: Tahoma, sans-serif;\">La Unidad de Negocio Coca Codo Sinclair de CELEC EP recibi\u00f3 el Sello Inclusivo otorgado por el Municipio de Quito<\/span><\/b> <\/span><\/p>\n<p class=\"MsoNormal\" style=\"mso-margin-top-alt: auto; mso-margin-bottom-alt: auto; text-align: justify; line-height: 10.5pt;\"><span lang=\"ES\" style=\"font-size: 9pt; font-family: Tahoma, sans-serif;\"><span style=\"font-size: 9pt;\">Este martes, 26 de noviembre de 2019, la Unidad de Negocio Coca Codo Sinclair de la Corporaci\u00f3n El\u00e9ctrica del Ecuador recibi\u00f3 el Sello Inclusivo \u2013 Progresivo emitido por la Secretar\u00eda de Inclusi\u00f3n Social del Municipio de Quito. La instituci\u00f3n aprob\u00f3 con el 100% de los criterios evaluados, estableci\u00e9ndola como una entidad inclusiva. <\/span><\/span><\/p>\n<p><!--more--><\/p>\n<p class=\"MsoNormal\" style=\"mso-margin-top-alt: auto; mso-margin-bottom-alt: auto; text-align: justify; text-justify: inter-ideograph; line-height: 10.5pt;\"><span lang=\"ES\" style=\"font-size: 9pt; font-family: Tahoma, sans-serif;\">La iniciativa inclusiva progresiva reconoce a las empresas p\u00fablicas y privadas que implementan sistemas de gesti\u00f3n accesibles de informaci\u00f3n e igualdad de oportunidades laborales para los grupos prioritarios dentro de la instituci\u00f3n.<\/span><\/p>\n<p class=\"MsoNormal\" style=\"mso-margin-top-alt: auto; mso-margin-bottom-alt: auto; text-align: justify; text-justify: inter-ideograph; line-height: 10.5pt;\"><span lang=\"ES\" style=\"font-size: 9pt; font-family: Tahoma, sans-serif;\">Entre los criterios que se evaluaron, la Unidad de Negocio Coca Codo Sinclair cumpli\u00f3 con: respeto a la identidad de g\u00e9nero, orientaci\u00f3n sexual, nacionalidad, regi\u00f3n, cultura y auto identificaci\u00f3n \u00e9tnica de los funcionarios; tambi\u00e9n difusi\u00f3n de mensajes en derechos e inclusi\u00f3n social, promovi\u00f3 actividades de salud ocupacional, vincul\u00f3 a personas con discapacidad, llev\u00f3 a cabo gestiones sostenibles de residuos y demostr\u00f3 que cuenta con espacios accesibles para grupos prioritarios, entre otros.<\/span><\/p>\n<p class=\"MsoNormal\" style=\"mso-margin-top-alt: auto; mso-margin-bottom-alt: auto; text-align: justify; text-justify: inter-ideograph; line-height: 10.5pt;\"><span lang=\"ES\" style=\"font-size: 9pt; font-family: Tahoma, sans-serif;\">En el evento, la representante de la Secretar\u00eda de la Secretar\u00eda de Inclusi\u00f3n Social, Administraci\u00f3n Zonal Eugenio Espejo, Ana Cristina Romero, agradeci\u00f3 el esfuerzo y compromiso de las empresas que recibieron el reconocimiento otorgado por el Municipio de Quito. Adem\u00e1s invit\u00f3 a que m\u00e1s instituciones posean espacios inclusivos para realizar un cambio a nivel de sociedad. <\/span><\/p>\n<p class=\"MsoNormal\" style=\"mso-margin-top-alt: auto; mso-margin-bottom-alt: auto; text-align: justify; text-justify: inter-ideograph; line-height: 10.5pt;\"><span lang=\"ES\" style=\"font-size: 9pt; font-family: Tahoma, sans-serif;\">En esta ocasi\u00f3n, el reconocimiento se realiz\u00f3 a nueve empresas de la ciudad de Quito, entre ellas la Unidad de Negocio Coca Codo Sinclair. El Sello Inclusivo Progresivo otorgado tiene una duraci\u00f3n de un a\u00f1o, desde diciembre de 2019 a diciembre de 2020.<\/span><\/p>\n","protected":false},"excerpt":{"rendered":"<p>La Unidad de Negocio Coca Codo Sinclair de CELEC EP recibi\u00f3 el Sello Inclusivo otorgado por el Municipio de Quito Este martes, 26 de noviembre de 2019, la Unidad de Negocio Coca Codo Sinclair de la Corporaci\u00f3n El\u00e9ctrica del Ecuador recibi\u00f3 el Sello Inclusivo \u2013 Progresivo emitido por la Secretar\u00eda de Inclusi\u00f3n Social del Municipio [&hellip;]<\/p>\n","protected":false},"author":1,"featured_media":0,"comment_status":"open","ping_status":"open","sticky":false,"template":"","format":"standard","meta":{"_acf_changed":false,"_themeisle_gutenberg_block_has_review":false,"footnotes":""},"categories":[8],"tags":[],"class_list":["post-454","post","type-post","status-publish","format-standard","hentry","category-noticias"],"acf":[],"_links":{"self":[{"href":"https:\/\/www.celec.gob.ec\/cocacodo\/wp-json\/wp\/v2\/posts\/454","targetHints":{"allow":["GET"]}}],"collection":[{"href":"https:\/\/www.celec.gob.ec\/cocacodo\/wp-json\/wp\/v2\/posts"}],"about":[{"href":"https:\/\/www.celec.gob.ec\/cocacodo\/wp-json\/wp\/v2\/types\/post"}],"author":[{"embeddable":true,"href":"https:\/\/www.celec.gob.ec\/cocacodo\/wp-json\/wp\/v2\/users\/1"}],"replies":[{"embeddable":true,"href":"https:\/\/www.celec.gob.ec\/cocacodo\/wp-json\/wp\/v2\/comments?post=454"}],"version-history":[{"count":0,"href":"https:\/\/www.celec.gob.ec\/cocacodo\/wp-json\/wp\/v2\/posts\/454\/revisions"}],"wp:attachment":[{"href":"https:\/\/www.celec.gob.ec\/cocacodo\/wp-json\/wp\/v2\/media?parent=454"}],"wp:term":[{"taxonomy":"category","embeddable":true,"href":"https:\/\/www.celec.gob.ec\/cocacodo\/wp-json\/wp\/v2\/categories?post=454"},{"taxonomy":"post_tag","embeddable":true,"href":"https:\/\/www.celec.gob.ec\/cocacodo\/wp-json\/wp\/v2\/tags?post=454"}],"curies":[{"name":"wp","href":"https:\/\/api.w.org\/{rel}","templated":true}]}}