{"id":455,"date":"2019-11-22T20:19:12","date_gmt":"2019-11-23T01:19:12","guid":{"rendered":"https:\/\/www.celec.gob.ec\/cocacodo\/?p=505"},"modified":"2019-11-22T20:19:12","modified_gmt":"2019-11-23T01:19:12","slug":"inicia-proceso-de-gestion-delegada-de-la-central-hidroelectrica-sopladora","status":"publish","type":"post","link":"https:\/\/www.celec.gob.ec\/cocacodo\/noticias\/inicia-proceso-de-gestion-delegada-de-la-central-hidroelectrica-sopladora\/","title":{"rendered":"BOLET\u00cdN DE PRENSA"},"content":{"rendered":"<p class=\"MsoNormal\" style=\"line-height: normal; text-align: center;\"><span lang=\"ES\" style=\"font-size: 9pt; font-family: Tahoma, sans-serif;\"><b style=\"font-family: Tahoma, Helvetica, Arial, sans-serif; font-size: 12.16px;\"><span lang=\"ES\" style=\"font-size: 9pt; font-family: Tahoma, sans-serif;\">Inicia proceso de gesti\u00f3n delegada de la central hidroel\u00e9ctrica Sopladora<\/span><\/b> <\/span><\/p>\n<p class=\"MsoNormal\" style=\"mso-margin-top-alt: auto; mso-margin-bottom-alt: auto; text-align: justify; line-height: 10.5pt;\"><span lang=\"ES\" style=\"font-size: 9pt; font-family: Tahoma, sans-serif;\"><span style=\"font-size: 9pt;\">Al momento se desarrolla la etapa de contrataci\u00f3n del estructurador, quien tendr\u00e1 la funci\u00f3n de asesorar en la b\u00fasqueda de las mejores alternativas financieras en el mercado global y estructurar la transacci\u00f3n que cumpla las expectativas del Gobierno. <\/span><\/span><\/p>\n<p><!--more--><\/p>\n<p class=\"MsoNormal\" style=\"mso-margin-top-alt: auto; mso-margin-bottom-alt: auto; text-align: justify; text-justify: inter-ideograph; line-height: 10.5pt;\"><span lang=\"ES\" style=\"font-size: 9pt; font-family: Tahoma, sans-serif;\">Por delegaci\u00f3n del Comit\u00e9 Coordinador de Gesti\u00f3n Delegada, creada mediante Decreto Ejecutivo Nro. 740, la Corporaci\u00f3n El\u00e9ctrica del Ecuador CELEC EP inici\u00f3 el proceso de selecci\u00f3n para contratar al estructurador o banca de inversi\u00f3n que desarrolle el proceso de gesti\u00f3n delegada de la administraci\u00f3n de la central hidroel\u00e9ctrica Sopladora, de 487 MW. Este Comit\u00e9 est\u00e1 integrado por los ministros de Comercio Exterior, de Energ\u00eda y Recursos Naturales No Renovales, y el Ministro de Econom\u00eda y Finanzas, en calidad de delegado del Presidente de la Rep\u00fablica.<\/span><\/p>\n<p class=\"MsoNormal\" style=\"mso-margin-top-alt: auto; mso-margin-bottom-alt: auto; text-align: justify; text-justify: inter-ideograph; line-height: 10.5pt;\"><span lang=\"ES\" style=\"font-size: 9pt; font-family: Tahoma, sans-serif;\">El proceso de selecci\u00f3n del administrador privado tiene tres etapas: 1.- Contrataci\u00f3n del estructurador, que tendr\u00e1 la funci\u00f3n de asesorar en la b\u00fasqueda de las mejores alternativas financieras en el mercado global y estructurar la transacci\u00f3n que cumpla las expectativas del Gobierno. 2.- Proceso p\u00fablico de selecci\u00f3n para definir al administrador de la central hidroel\u00e9ctrica, y 3.- Firma del contrato y cierre de la transacci\u00f3n. Al momento el proceso est\u00e1 en la primera etapa, es decir en la selecci\u00f3n de la empresa que asesorar\u00e1 a CELEC EP en la selecci\u00f3n de la firma que administrar\u00e1 la central.<\/span><\/p>\n<p class=\"MsoNormal\" style=\"mso-margin-top-alt: auto; mso-margin-bottom-alt: auto; text-align: justify; text-justify: inter-ideograph; line-height: 10.5pt;\"><span lang=\"ES\" style=\"font-size: 9pt; font-family: Tahoma, sans-serif;\">Esta primera etapa se inici\u00f3 el 29 de octubre de 2019. De conformidad con la normativa del Sistema Nacional de Contrataci\u00f3n P\u00fablica, primero se realiz\u00f3 el proceso de Verificaci\u00f3n de Producci\u00f3n Nacional (VPN), a trav\u00e9s del portal del Servicio de Contrataci\u00f3n P\u00fablica (SERCOP) www.compraspublicas.gob.ec. Este procedimiento consisti\u00f3 en verificar si existen en el pa\u00eds proveedores locales y del Estado ecuatoriano que desarrollen el proceso de selecci\u00f3n del estructurador. Al no existir proveedor local, CELEC EP qued\u00f3 habilitado para la contrataci\u00f3n de manera extraterritorial. <\/span><\/p>\n<p class=\"MsoNormal\" style=\"mso-margin-top-alt: auto; mso-margin-bottom-alt: auto; text-align: justify; text-justify: inter-ideograph; line-height: 10.5pt;\"><span lang=\"ES\" style=\"font-size: 9pt; font-family: Tahoma, sans-serif;\">Posteriormente, se extendieron invitaciones a empresas internacionales especializadas en la materia y se realiz\u00f3 la convocatoria en un medio internacional a los interesados en participar en el proceso.<\/span><\/p>\n<p class=\"MsoNormal\" style=\"mso-margin-top-alt: auto; mso-margin-bottom-alt: auto; text-align: justify; text-justify: inter-ideograph; line-height: 10.5pt;\"><span lang=\"ES\" style=\"font-size: 9pt; font-family: Tahoma, sans-serif;\">Las ofertas se recibieron hasta el 12 de noviembre de 2019 y corresponden a las empresas: LAZARD (de Francia, a trav\u00e9s del equipo de Argentina), Credit Swiss (de Suiza), BNP Paribas (de Francia), Deloitte (Estados Unidos, a trav\u00e9s de su oficina de Colombia).<\/span><\/p>\n<p class=\"MsoNormal\" style=\"mso-margin-top-alt: auto; mso-margin-bottom-alt: auto; text-align: justify; text-justify: inter-ideograph; line-height: 10.5pt;\"><span lang=\"ES\" style=\"font-size: 9pt; font-family: Tahoma, sans-serif;\">La empresa que obtuvo la mayor calificaci\u00f3n fue BNP Paribas. Por tal raz\u00f3n, se solicit\u00f3 un proyecto de contrato el cual deber\u00e1 ser remitido a la Procuradur\u00eda General del Estado (PGE) para su aprobaci\u00f3n. Tras la aprobaci\u00f3n por parte de la PGE se negociar\u00e1 el contrato y se proceder\u00e1 con la adjudicaci\u00f3n y firma.<\/span><\/p>\n<p class=\"MsoNormal\" style=\"mso-margin-top-alt: auto; mso-margin-bottom-alt: auto; text-align: justify; text-justify: inter-ideograph; line-height: 10.5pt;\"><span lang=\"ES\" style=\"font-size: 9pt; font-family: Tahoma, sans-serif;\">Como estrategia del Gobierno Nacional, con el fin de financiar el presupuesto general del estado del a\u00f1o 2020 y para optimizar la administraci\u00f3n de la central Sopladora, se delegar\u00e1 a una empresa internacional especializada y el Estado mantendr\u00e1 la propiedad del activo. <\/span><\/p>\n","protected":false},"excerpt":{"rendered":"<p>Inicia proceso de gesti\u00f3n delegada de la central hidroel\u00e9ctrica Sopladora Al momento se desarrolla la etapa de contrataci\u00f3n del estructurador, quien tendr\u00e1 la funci\u00f3n de asesorar en la b\u00fasqueda de las mejores alternativas financieras en el mercado global y estructurar la transacci\u00f3n que cumpla las expectativas del Gobierno.<\/p>\n","protected":false},"author":1,"featured_media":0,"comment_status":"open","ping_status":"open","sticky":false,"template":"","format":"standard","meta":{"_acf_changed":false,"_themeisle_gutenberg_block_has_review":false,"footnotes":""},"categories":[8],"tags":[],"class_list":["post-455","post","type-post","status-publish","format-standard","hentry","category-noticias"],"acf":[],"_links":{"self":[{"href":"https:\/\/www.celec.gob.ec\/cocacodo\/wp-json\/wp\/v2\/posts\/455","targetHints":{"allow":["GET"]}}],"collection":[{"href":"https:\/\/www.celec.gob.ec\/cocacodo\/wp-json\/wp\/v2\/posts"}],"about":[{"href":"https:\/\/www.celec.gob.ec\/cocacodo\/wp-json\/wp\/v2\/types\/post"}],"author":[{"embeddable":true,"href":"https:\/\/www.celec.gob.ec\/cocacodo\/wp-json\/wp\/v2\/users\/1"}],"replies":[{"embeddable":true,"href":"https:\/\/www.celec.gob.ec\/cocacodo\/wp-json\/wp\/v2\/comments?post=455"}],"version-history":[{"count":0,"href":"https:\/\/www.celec.gob.ec\/cocacodo\/wp-json\/wp\/v2\/posts\/455\/revisions"}],"wp:attachment":[{"href":"https:\/\/www.celec.gob.ec\/cocacodo\/wp-json\/wp\/v2\/media?parent=455"}],"wp:term":[{"taxonomy":"category","embeddable":true,"href":"https:\/\/www.celec.gob.ec\/cocacodo\/wp-json\/wp\/v2\/categories?post=455"},{"taxonomy":"post_tag","embeddable":true,"href":"https:\/\/www.celec.gob.ec\/cocacodo\/wp-json\/wp\/v2\/tags?post=455"}],"curies":[{"name":"wp","href":"https:\/\/api.w.org\/{rel}","templated":true}]}}