{"id":463,"date":"2019-10-30T15:16:47","date_gmt":"2019-10-30T20:16:47","guid":{"rendered":"https:\/\/www.celec.gob.ec\/cocacodo\/?p=494"},"modified":"2019-10-30T15:16:47","modified_gmt":"2019-10-30T20:16:47","slug":"22-empresas-de-10-paises-muestran-interes-por-construir-los-proyectos-el-aromo-y-villonaco-ii-y-iii","status":"publish","type":"post","link":"https:\/\/www.celec.gob.ec\/cocacodo\/noticias\/22-empresas-de-10-paises-muestran-interes-por-construir-los-proyectos-el-aromo-y-villonaco-ii-y-iii\/","title":{"rendered":"BOLET\u00cdN DE PRENSA"},"content":{"rendered":"<p class=\"MsoNormal\" style=\"line-height: normal; text-align: center;\"><span lang=\"ES\" style=\"font-size: 9pt; font-family: Tahoma, sans-serif;\"><b style=\"font-family: Tahoma, Helvetica, Arial, sans-serif; font-size: 12.16px;\"><span lang=\"ES\" style=\"font-size: 9pt; font-family: Tahoma, sans-serif;\">22 empresas de 10 pa\u00edses muestran inter\u00e9s por construir los proyectos El Aromo y Villonaco II y III<\/span><\/b> <\/span><\/p>\n<p class=\"MsoNormal\" style=\"mso-margin-top-alt: auto; mso-margin-bottom-alt: auto; text-align: justify; line-height: 10.5pt;\"><span lang=\"ES\" style=\"font-size: 9pt; font-family: Tahoma, sans-serif;\"><span style=\"font-size: 9pt;\">La construcci\u00f3n de estos proyectos requerir\u00e1 una inversi\u00f3n 100% privada de USD 400 millones. Un total de 22 empresas, provenientes de 10 pa\u00edses: Italia, Francia, Espa\u00f1a, Reino Unido, Canad\u00e1, China, Estados Unidos, Portugal, Colombia y Alemania, presentaron los formularios y documentos para la precalificaci\u00f3n en el proceso p\u00fablico de selecci\u00f3n para la construcci\u00f3n de los nuevos proyectos de generaci\u00f3n el\u00e9ctrica: fotovoltaico El Aromo (200 megavatios) y e\u00f3lico Villonaco II y III (110 megavatios). Esta primera etapa culmin\u00f3 el 28 de octubre de 2019. <\/span><\/span><\/p>\n<p><!--more--><\/p>\n<p class=\"MsoNormal\" style=\"mso-margin-top-alt: auto; mso-margin-bottom-alt: auto; text-align: justify; text-justify: inter-ideograph; line-height: 10.5pt;\"><span lang=\"ES\" style=\"font-size: 9pt; font-family: Tahoma, sans-serif;\">Seg\u00fan informaci\u00f3n de la Comisi\u00f3n T\u00e9cnica del Ministerio de Energ\u00eda y Recursos Naturales No Renovables, el proyecto El Aromo, ubicado en la provincia de Manab\u00ed, recibi\u00f3 19 expresiones de inter\u00e9s, mientras que Villonaco II y III, localizados en Loja, recibieron 15. Es necesario precisar que 12 empresas se postularon por los dos proyectos.<\/span><\/p>\n<p class=\"MsoNormal\" style=\"mso-margin-top-alt: auto; mso-margin-bottom-alt: auto; text-align: justify; text-justify: inter-ideograph; line-height: 10.5pt;\"><span lang=\"ES\" style=\"font-size: 9pt; font-family: Tahoma, sans-serif;\">El Ministro de Energ\u00eda y Recursos Naturales No Renovables, Carlos P\u00e9rez, mencion\u00f3 que estas iniciativas son parte del Portafolio de Proyectos El\u00e9ctricos que promueve esta Cartera de Estado con la finalidad de generar nuevas inversiones y captar m\u00e1s recursos en beneficio del pa\u00eds, \u201cContamos con un portafolio de 39 proyectos de energ\u00eda el\u00e9ctrica, de los cuales, 21 corresponden a energ\u00edas renovables no convencionales. Ecuador est\u00e1 abierto a la inversi\u00f3n responsable y productiva, generadora de empleo y desarrollo\u201d, agreg\u00f3.<\/span><\/p>\n<p class=\"MsoNormal\" style=\"mso-margin-top-alt: auto; mso-margin-bottom-alt: auto; text-align: justify; text-justify: inter-ideograph; line-height: 10.5pt;\"><span lang=\"ES\" style=\"font-size: 9pt; font-family: Tahoma, sans-serif;\">Cabe se\u00f1alar que los integrantes de la Comisi\u00f3n T\u00e9cnica del proceso, tienen plazo hasta el mi\u00e9rcoles 13 de noviembre de 2019 para precalificar la documentaci\u00f3n. El acta se publicar\u00e1 el jueves 14 de noviembre en la p\u00e1gina web del Ministerio: www.recursosyenergia.gob.ec. <\/span><\/p>\n<p class=\"MsoNormal\" style=\"mso-margin-top-alt: auto; mso-margin-bottom-alt: auto; text-align: justify; text-justify: inter-ideograph; line-height: 10.5pt;\"><span lang=\"ES\" style=\"font-size: 9pt; font-family: Tahoma, sans-serif;\">Los interesados que superen la etapa de precalificaci\u00f3n tambi\u00e9n podr\u00e1n acceder al cuarto de datos (data room), previo al pago de USD 20.000 no reembolsables, conforme se establece en las reglas del proceso. Tras el pago de ese valor, los interesados recibir\u00e1n un usuario y contrase\u00f1a y podr\u00e1n descargar la informaci\u00f3n y estudios t\u00e9cnicos disponibles: contratos regulados de compra \u2013 venta de energ\u00eda, pliegos, contratos de concesi\u00f3n, documentos de fideicomiso y documentos informativos (cronograma del proceso p\u00fablico de selecci\u00f3n), formularios para los interesados, res\u00famenes de los proyectos, etc.).<\/span><\/p>\n<p class=\"MsoNormal\" style=\"mso-margin-top-alt: auto; mso-margin-bottom-alt: auto; text-align: justify; text-justify: inter-ideograph; line-height: 10.5pt;\"><span lang=\"ES\" style=\"font-size: 9pt; font-family: Tahoma, sans-serif;\">Los proyectos de generaci\u00f3n el\u00e9ctrica Fotovoltaico El Aromo y E\u00f3lico Villonaco II y III son dos nuevas iniciativas del Gobierno Nacional para el aprovechamiento de las energ\u00edas renovables no convencionales, como es la radiaci\u00f3n solar y la fuerza del viento. Su construcci\u00f3n y operaci\u00f3n estar\u00e1 a cargo de la iniciativa privada y se espera una inversi\u00f3n de USD 400 millones, en la etapa de construcci\u00f3n.<\/span><\/p>\n<p class=\"MsoNormal\" style=\"mso-margin-top-alt: auto; mso-margin-bottom-alt: auto; text-align: justify; text-justify: inter-ideograph; line-height: 10.5pt;\"><span lang=\"ES\" style=\"font-size: 9pt; font-family: Tahoma, sans-serif;\">La recomendaci\u00f3n de adjudicaci\u00f3n de los contratos o de declaratoria de desierto del proyecto, se conocer\u00e1 el 15 de abril de 2020.<\/span><\/p>\n","protected":false},"excerpt":{"rendered":"<p>22 empresas de 10 pa\u00edses muestran inter\u00e9s por construir los proyectos El Aromo y Villonaco II y III La construcci\u00f3n de estos proyectos requerir\u00e1 una inversi\u00f3n 100% privada de USD 400 millones. Un total de 22 empresas, provenientes de 10 pa\u00edses: Italia, Francia, Espa\u00f1a, Reino Unido, Canad\u00e1, China, Estados Unidos, Portugal, Colombia y Alemania, presentaron [&hellip;]<\/p>\n","protected":false},"author":1,"featured_media":0,"comment_status":"open","ping_status":"open","sticky":false,"template":"","format":"standard","meta":{"_acf_changed":false,"_themeisle_gutenberg_block_has_review":false,"footnotes":""},"categories":[8],"tags":[],"class_list":["post-463","post","type-post","status-publish","format-standard","hentry","category-noticias"],"acf":[],"_links":{"self":[{"href":"https:\/\/www.celec.gob.ec\/cocacodo\/wp-json\/wp\/v2\/posts\/463","targetHints":{"allow":["GET"]}}],"collection":[{"href":"https:\/\/www.celec.gob.ec\/cocacodo\/wp-json\/wp\/v2\/posts"}],"about":[{"href":"https:\/\/www.celec.gob.ec\/cocacodo\/wp-json\/wp\/v2\/types\/post"}],"author":[{"embeddable":true,"href":"https:\/\/www.celec.gob.ec\/cocacodo\/wp-json\/wp\/v2\/users\/1"}],"replies":[{"embeddable":true,"href":"https:\/\/www.celec.gob.ec\/cocacodo\/wp-json\/wp\/v2\/comments?post=463"}],"version-history":[{"count":0,"href":"https:\/\/www.celec.gob.ec\/cocacodo\/wp-json\/wp\/v2\/posts\/463\/revisions"}],"wp:attachment":[{"href":"https:\/\/www.celec.gob.ec\/cocacodo\/wp-json\/wp\/v2\/media?parent=463"}],"wp:term":[{"taxonomy":"category","embeddable":true,"href":"https:\/\/www.celec.gob.ec\/cocacodo\/wp-json\/wp\/v2\/categories?post=463"},{"taxonomy":"post_tag","embeddable":true,"href":"https:\/\/www.celec.gob.ec\/cocacodo\/wp-json\/wp\/v2\/tags?post=463"}],"curies":[{"name":"wp","href":"https:\/\/api.w.org\/{rel}","templated":true}]}}