{"id":484,"date":"2019-07-05T15:23:05","date_gmt":"2019-07-05T20:23:05","guid":{"rendered":"https:\/\/www.celec.gob.ec\/cocacodo\/?p=464"},"modified":"2019-07-05T15:23:05","modified_gmt":"2019-07-05T20:23:05","slug":"caserio-santa-ines-la-victoria-tendra-nueva-casa-comunal-gracias-al-aporte-de-celec-ep-hidroagoyan","status":"publish","type":"post","link":"https:\/\/www.celec.gob.ec\/cocacodo\/noticias\/caserio-santa-ines-la-victoria-tendra-nueva-casa-comunal-gracias-al-aporte-de-celec-ep-hidroagoyan\/","title":{"rendered":"BOLET\u00cdN DE PRENSA"},"content":{"rendered":"<p class=\"MsoNormal\" style=\"line-height: normal; text-align: center;\"><span lang=\"ES\" style=\"font-size: 9pt; font-family: Tahoma, sans-serif;\"><b style=\"font-family: Tahoma, Helvetica, Arial, sans-serif; font-size: 12.16px;\"><span lang=\"ES\" style=\"font-size: 9pt; font-family: Tahoma, sans-serif;\">Caser\u00edo Santa In\u00e9s &#8211; La Victoria tendr\u00e1 nueva casa comunal gracias al aporte de CELEC EP Hidroagoy\u00e1n<\/span><\/b> <\/span><\/p>\n<p class=\"MsoNormal\" style=\"mso-margin-top-alt: auto; mso-margin-bottom-alt: auto; text-align: justify; line-height: 10.5pt;\"><span lang=\"ES\" style=\"font-size: 9pt; font-family: Tahoma, sans-serif;\"><span style=\"font-size: 9pt;\">En la parroquia R\u00edo Negro de Ba\u00f1os de Agua Santa, zona de influencia directa de la central hidroel\u00e9ctrica San Francisco, administrada por CELEC EP Hidroagoy\u00e1n, se inici\u00f3 la construcci\u00f3n de la casa comunal del caser\u00edo Santa In\u00e9s &#8211; La Victoria, gracias al Convenio de Cooperaci\u00f3n suscrito con el GAD de R\u00edo Negro en febrero de 2019.<\/span><\/span><\/p>\n<p><!--more--><\/p>\n<p class=\"MsoNormal\" style=\"mso-margin-top-alt: auto; mso-margin-bottom-alt: auto; text-align: justify; text-justify: inter-ideograph; line-height: 10.5pt;\"><span lang=\"ES\" style=\"font-size: 9pt; font-family: Tahoma, sans-serif;\">Este proyecto beneficiar\u00e1 a 130 habitantes del sector, quienes contar\u00e1n con una moderna y amplia casa comunal para actos de diversa \u00edndole, los mismos que fomentar\u00e1n la integraci\u00f3n de la comunidad.<\/span><\/p>\n<p class=\"MsoNormal\" style=\"mso-margin-top-alt: auto; mso-margin-bottom-alt: auto; text-align: justify; text-justify: inter-ideograph; line-height: 10.5pt;\"><span lang=\"ES\" style=\"font-size: 9pt; font-family: Tahoma, sans-serif;\">Para esta obra, CELEC EP Hidroagoy\u00e1n aportar\u00e1 con 44.891,54 d\u00f3lares; en el mes de mayo se hizo el primer desembolso del 50% al Gobierno Parroquial, con lo que se dio inicio a la construcci\u00f3n cuya entrega oficial est\u00e1 prevista para agosto de este a\u00f1o.<\/span><\/p>\n<p class=\"MsoNormal\" style=\"mso-margin-top-alt: auto; mso-margin-bottom-alt: auto; text-align: justify; text-justify: inter-ideograph; line-height: 10.5pt;\"><span lang=\"ES\" style=\"font-size: 9pt; font-family: Tahoma, sans-serif;\">Este proyecto que gener\u00f3 varias plazas de empleo para los habitantes de la zona, forma parte del Plan de Manejo Ambiental y de Relaciones Comunitarias de CELEC EP Hidroagoy\u00e1n.<\/span><\/p>\n","protected":false},"excerpt":{"rendered":"<p>Caser\u00edo Santa In\u00e9s &#8211; La Victoria tendr\u00e1 nueva casa comunal gracias al aporte de CELEC EP Hidroagoy\u00e1n En la parroquia R\u00edo Negro de Ba\u00f1os de Agua Santa, zona de influencia directa de la central hidroel\u00e9ctrica San Francisco, administrada por CELEC EP Hidroagoy\u00e1n, se inici\u00f3 la construcci\u00f3n de la casa comunal del caser\u00edo Santa In\u00e9s &#8211; [&hellip;]<\/p>\n","protected":false},"author":1,"featured_media":0,"comment_status":"open","ping_status":"open","sticky":false,"template":"","format":"standard","meta":{"_acf_changed":false,"_themeisle_gutenberg_block_has_review":false,"footnotes":""},"categories":[8],"tags":[],"class_list":["post-484","post","type-post","status-publish","format-standard","hentry","category-noticias"],"acf":[],"_links":{"self":[{"href":"https:\/\/www.celec.gob.ec\/cocacodo\/wp-json\/wp\/v2\/posts\/484","targetHints":{"allow":["GET"]}}],"collection":[{"href":"https:\/\/www.celec.gob.ec\/cocacodo\/wp-json\/wp\/v2\/posts"}],"about":[{"href":"https:\/\/www.celec.gob.ec\/cocacodo\/wp-json\/wp\/v2\/types\/post"}],"author":[{"embeddable":true,"href":"https:\/\/www.celec.gob.ec\/cocacodo\/wp-json\/wp\/v2\/users\/1"}],"replies":[{"embeddable":true,"href":"https:\/\/www.celec.gob.ec\/cocacodo\/wp-json\/wp\/v2\/comments?post=484"}],"version-history":[{"count":0,"href":"https:\/\/www.celec.gob.ec\/cocacodo\/wp-json\/wp\/v2\/posts\/484\/revisions"}],"wp:attachment":[{"href":"https:\/\/www.celec.gob.ec\/cocacodo\/wp-json\/wp\/v2\/media?parent=484"}],"wp:term":[{"taxonomy":"category","embeddable":true,"href":"https:\/\/www.celec.gob.ec\/cocacodo\/wp-json\/wp\/v2\/categories?post=484"},{"taxonomy":"post_tag","embeddable":true,"href":"https:\/\/www.celec.gob.ec\/cocacodo\/wp-json\/wp\/v2\/tags?post=484"}],"curies":[{"name":"wp","href":"https:\/\/api.w.org\/{rel}","templated":true}]}}