{"id":512,"date":"2019-03-26T21:41:54","date_gmt":"2019-03-27T02:41:54","guid":{"rendered":"https:\/\/www.celec.gob.ec\/cocacodo\/?p=429"},"modified":"2019-03-26T21:41:54","modified_gmt":"2019-03-27T02:41:54","slug":"celec-ep-termomanabi-capacita-a-los-habitantes-de-sus-zonas-de-influencia-en-microemprendimiento-productivo","status":"publish","type":"post","link":"https:\/\/www.celec.gob.ec\/cocacodo\/noticias\/celec-ep-termomanabi-capacita-a-los-habitantes-de-sus-zonas-de-influencia-en-microemprendimiento-productivo\/","title":{"rendered":"BOLET\u00cdN DE PRENSA"},"content":{"rendered":"<p class=\"MsoNormal\" style=\"line-height: normal; text-align: center;\"><span lang=\"ES\" style=\"font-size: 9pt; font-family: Tahoma, sans-serif;\"><b style=\"font-family: Tahoma, Helvetica, Arial, sans-serif; font-size: 12.16px;\"><span lang=\"ES\" style=\"font-size: 9pt; font-family: Tahoma, sans-serif;\">CELEC EP TERMOMANAB\u00cd capacita a los habitantes de sus zonas de influencia en microemprendimiento productivo<\/span><\/b> <\/span><\/p>\n<p class=\"MsoNormal\" style=\"mso-margin-top-alt: auto; mso-margin-bottom-alt: auto; text-align: justify; line-height: 10.5pt;\"><span lang=\"ES\" style=\"font-size: 9pt; font-family: Tahoma, sans-serif;\"><span style=\"font-size: 9pt;\">La Corporaci\u00f3n El\u00e9ctrica del Ecuador CELEC EP, a trav\u00e9s de su Unidad de Negocio TERMOMANAB\u00cd, capacita a 360 personas de las comunidades de las zonas de influencia de sus centrales t\u00e9rmicas Manta II, Jaramij\u00f3 y Miraflores en temas de microemprendimiento productivo.<\/span><\/span><\/p>\n<p><!--more--><\/p>\n<p class=\"MsoNormal\" style=\"mso-margin-top-alt: auto; mso-margin-bottom-alt: auto; text-align: justify; text-justify: inter-ideograph; line-height: 10.5pt;\"><span lang=\"ES\" style=\"font-size: 9pt; font-family: Tahoma, sans-serif;\">Estos talleres forman parte del plan de Desarrollo Territorial y su programa de Responsabilidad Social, a trav\u00e9s de los cuales se busca generar desarrollo en las zonas de influencia de las centrales administradas por esta Unidad de Negocio.<\/span><\/p>\n<p class=\"MsoNormal\" style=\"mso-margin-top-alt: auto; mso-margin-bottom-alt: auto; text-align: justify; text-justify: inter-ideograph; line-height: 10.5pt;\"><span lang=\"ES\" style=\"font-size: 9pt; font-family: Tahoma, sans-serif;\">Mar\u00eda Elena Montesdeoca, gerente de CELEC EP TERMOMANB\u00cd, inaugur\u00f3 los cursos de corte y confecci\u00f3n, pasteler\u00eda, manicure, electricidad, mantenimiento de motores y enfermer\u00eda y enfatiz\u00f3 que esta iniciativa genera oportunidades de emprendimientos para mejorar la econom\u00eda de los hogares de la zona.<\/span><\/p>\n<p class=\"MsoNormal\" style=\"mso-margin-top-alt: auto; mso-margin-bottom-alt: auto; text-align: justify; text-justify: inter-ideograph; line-height: 10.5pt;\"><span lang=\"ES\" style=\"font-size: 9pt; font-family: Tahoma, sans-serif;\">Los cursos iniciaron el lunes 25 de marzo y se desarrollan en horarios accesibles, durante la ma\u00f1ana, tarde y noche, en la casa comunal de la Sequita, en el cant\u00f3n Montecristi; en el auditorio del Municipio de Jaramij\u00f3, y en la escuela Luis Espinoza, en el barrio Miraflores de Manta.<\/span><\/p>\n<p class=\"MsoNormal\" style=\"mso-margin-top-alt: auto; mso-margin-bottom-alt: auto; text-align: justify; text-justify: inter-ideograph; line-height: 10.5pt;\"><span lang=\"ES\" style=\"font-size: 9pt; font-family: Tahoma, sans-serif;\">Jos\u00e9 Santana, representante de los beneficiarios, agradeci\u00f3 la labor realizada por CELEC EP para contribuir con el desarrollo de los habitantes de las zonas de influencia y se comprometi\u00f3 a velar por el desarrollo exitoso de las jornadas educativas.<\/span><\/p>\n","protected":false},"excerpt":{"rendered":"<p>CELEC EP TERMOMANAB\u00cd capacita a los habitantes de sus zonas de influencia en microemprendimiento productivo La Corporaci\u00f3n El\u00e9ctrica del Ecuador CELEC EP, a trav\u00e9s de su Unidad de Negocio TERMOMANAB\u00cd, capacita a 360 personas de las comunidades de las zonas de influencia de sus centrales t\u00e9rmicas Manta II, Jaramij\u00f3 y Miraflores en temas de microemprendimiento [&hellip;]<\/p>\n","protected":false},"author":1,"featured_media":0,"comment_status":"open","ping_status":"open","sticky":false,"template":"","format":"standard","meta":{"_acf_changed":false,"_themeisle_gutenberg_block_has_review":false,"footnotes":""},"categories":[8],"tags":[],"class_list":["post-512","post","type-post","status-publish","format-standard","hentry","category-noticias"],"acf":[],"_links":{"self":[{"href":"https:\/\/www.celec.gob.ec\/cocacodo\/wp-json\/wp\/v2\/posts\/512","targetHints":{"allow":["GET"]}}],"collection":[{"href":"https:\/\/www.celec.gob.ec\/cocacodo\/wp-json\/wp\/v2\/posts"}],"about":[{"href":"https:\/\/www.celec.gob.ec\/cocacodo\/wp-json\/wp\/v2\/types\/post"}],"author":[{"embeddable":true,"href":"https:\/\/www.celec.gob.ec\/cocacodo\/wp-json\/wp\/v2\/users\/1"}],"replies":[{"embeddable":true,"href":"https:\/\/www.celec.gob.ec\/cocacodo\/wp-json\/wp\/v2\/comments?post=512"}],"version-history":[{"count":0,"href":"https:\/\/www.celec.gob.ec\/cocacodo\/wp-json\/wp\/v2\/posts\/512\/revisions"}],"wp:attachment":[{"href":"https:\/\/www.celec.gob.ec\/cocacodo\/wp-json\/wp\/v2\/media?parent=512"}],"wp:term":[{"taxonomy":"category","embeddable":true,"href":"https:\/\/www.celec.gob.ec\/cocacodo\/wp-json\/wp\/v2\/categories?post=512"},{"taxonomy":"post_tag","embeddable":true,"href":"https:\/\/www.celec.gob.ec\/cocacodo\/wp-json\/wp\/v2\/tags?post=512"}],"curies":[{"name":"wp","href":"https:\/\/api.w.org\/{rel}","templated":true}]}}