{"id":514,"date":"2019-03-15T16:43:29","date_gmt":"2019-03-15T21:43:29","guid":{"rendered":"https:\/\/www.celec.gob.ec\/cocacodo\/?p=427"},"modified":"2019-03-15T16:43:29","modified_gmt":"2019-03-15T21:43:29","slug":"nueva-auditoria-confirma-el-cumplimiento-de-la-normativa-ambiental-en-la-central-de-generacion-eolica-villonaco","status":"publish","type":"post","link":"https:\/\/www.celec.gob.ec\/cocacodo\/noticias\/nueva-auditoria-confirma-el-cumplimiento-de-la-normativa-ambiental-en-la-central-de-generacion-eolica-villonaco\/","title":{"rendered":"BOLET\u00cdN DE PRENSA"},"content":{"rendered":"<p class=\"MsoNormal\" style=\"line-height: normal; text-align: center;\"><span lang=\"ES\" style=\"font-size: 9pt; font-family: Tahoma, sans-serif;\"><b style=\"font-family: Tahoma, Helvetica, Arial, sans-serif; font-size: 12.16px;\"><span lang=\"ES\" style=\"font-size: 9pt; font-family: Tahoma, sans-serif;\">Nueva auditor\u00eda confirma el cumplimiento de la normativa ambiental en la central de generaci\u00f3n e\u00f3lica Villonaco<\/span><\/b> <\/span><\/p>\n<p class=\"MsoNormal\" style=\"mso-margin-top-alt: auto; mso-margin-bottom-alt: auto; text-align: justify; line-height: 10.5pt;\"><span lang=\"ES\" style=\"font-size: 9pt; font-family: Tahoma, sans-serif;\"><span style=\"font-size: 9pt;\">La central e\u00f3lica Villonaco super\u00f3 las inspecciones y monitoreos peri\u00f3dicos que realiza el Ministerio de Ambiente para verificar la correcta aplicaci\u00f3n del Plan de Manejo Ambiental de esta generadora de energ\u00eda ubicada en la provincia de Loja, al sur del pa\u00eds.<\/span><\/span><\/p>\n<p><!--more--><\/p>\n<p class=\"MsoNormal\" style=\"mso-margin-top-alt: auto; mso-margin-bottom-alt: auto; text-align: justify; text-justify: inter-ideograph; line-height: 10.5pt;\"><span lang=\"ES\" style=\"font-size: 9pt; font-family: Tahoma, sans-serif;\">La evaluaci\u00f3n, realizada por la Coordinaci\u00f3n Zonal 7 del MAE, contempl\u00f3 la verificaci\u00f3n de las instalaciones y componentes de la central e\u00f3lica Villonaco, entre ellos el mecanismo para el manejo de desechos s\u00f3lidos y potencialmente peligrosos, el sistema de tratamiento de aguas residuales, la impermeabilizaci\u00f3n del suelo y el sistema contra incendios, seguridad industrial y salud ocupacional.<\/span><\/p>\n<p class=\"MsoNormal\" style=\"mso-margin-top-alt: auto; mso-margin-bottom-alt: auto; text-align: justify; text-justify: inter-ideograph; line-height: 10.5pt;\"><span lang=\"ES\" style=\"font-size: 9pt; font-family: Tahoma, sans-serif;\">Una vez superadas las inspecciones, el Ministerio de Ambiente aprob\u00f3 el \u00faltimo de los informes semestrales de cumplimiento al Plan de Manejo Ambiental, con lo cual se ratifica a la central e\u00f3lica Villonaco como el principal emblema de generaci\u00f3n renovable del pa\u00eds y se corrobora el compromiso de la Corporaci\u00f3n El\u00e9ctrica del Ecuador CELEC EP con las energ\u00edas renovables y la sostenibilidad energ\u00e9tica.<\/span><\/p>\n<p class=\"MsoNormal\" style=\"mso-margin-top-alt: auto; mso-margin-bottom-alt: auto; text-align: justify; text-justify: inter-ideograph; line-height: 10.5pt;\"><span lang=\"ES\" style=\"font-size: 9pt; font-family: Tahoma, sans-serif;\">La central e\u00f3lica Villonaco se encuentra ubicada sobre el cerro del mismo nombre, a 2720 msnm, aproximadamente a 14 km de la ciudad de Loja y cuenta con 11 aerogeneradores de 1,5 MW de potencia nominal cada uno, sumando 16.5 MW para la producci\u00f3n de energ\u00eda.<\/span><\/p>\n<p class=\"MsoNormal\" style=\"mso-margin-top-alt: auto; mso-margin-bottom-alt: auto; text-align: justify; text-justify: inter-ideograph; line-height: 10.5pt;\"><span lang=\"ES\" style=\"font-size: 9pt; font-family: Tahoma, sans-serif;\">El factor de planta de la central e\u00f3lica Villonaco es de 51,74%, superior al de otras centrales de similares caracter\u00edsticas en todo el mundo, lo cual obedece a la ubicaci\u00f3n de esta e\u00f3lica en la provincia de Loja, en donde existe el 52% del potencial e\u00f3lico aprovechable del pa\u00eds.<\/span><\/p>\n","protected":false},"excerpt":{"rendered":"<p>Nueva auditor\u00eda confirma el cumplimiento de la normativa ambiental en la central de generaci\u00f3n e\u00f3lica Villonaco La central e\u00f3lica Villonaco super\u00f3 las inspecciones y monitoreos peri\u00f3dicos que realiza el Ministerio de Ambiente para verificar la correcta aplicaci\u00f3n del Plan de Manejo Ambiental de esta generadora de energ\u00eda ubicada en la provincia de Loja, al sur [&hellip;]<\/p>\n","protected":false},"author":1,"featured_media":0,"comment_status":"open","ping_status":"open","sticky":false,"template":"","format":"standard","meta":{"_acf_changed":false,"_themeisle_gutenberg_block_has_review":false,"footnotes":""},"categories":[8],"tags":[],"class_list":["post-514","post","type-post","status-publish","format-standard","hentry","category-noticias"],"acf":[],"_links":{"self":[{"href":"https:\/\/www.celec.gob.ec\/cocacodo\/wp-json\/wp\/v2\/posts\/514","targetHints":{"allow":["GET"]}}],"collection":[{"href":"https:\/\/www.celec.gob.ec\/cocacodo\/wp-json\/wp\/v2\/posts"}],"about":[{"href":"https:\/\/www.celec.gob.ec\/cocacodo\/wp-json\/wp\/v2\/types\/post"}],"author":[{"embeddable":true,"href":"https:\/\/www.celec.gob.ec\/cocacodo\/wp-json\/wp\/v2\/users\/1"}],"replies":[{"embeddable":true,"href":"https:\/\/www.celec.gob.ec\/cocacodo\/wp-json\/wp\/v2\/comments?post=514"}],"version-history":[{"count":0,"href":"https:\/\/www.celec.gob.ec\/cocacodo\/wp-json\/wp\/v2\/posts\/514\/revisions"}],"wp:attachment":[{"href":"https:\/\/www.celec.gob.ec\/cocacodo\/wp-json\/wp\/v2\/media?parent=514"}],"wp:term":[{"taxonomy":"category","embeddable":true,"href":"https:\/\/www.celec.gob.ec\/cocacodo\/wp-json\/wp\/v2\/categories?post=514"},{"taxonomy":"post_tag","embeddable":true,"href":"https:\/\/www.celec.gob.ec\/cocacodo\/wp-json\/wp\/v2\/tags?post=514"}],"curies":[{"name":"wp","href":"https:\/\/api.w.org\/{rel}","templated":true}]}}