{"id":556,"date":"2021-02-12T23:53:04","date_gmt":"2021-02-13T04:53:04","guid":{"rendered":"https:\/\/www.celec.gob.ec\/cocacodo\/?p=656"},"modified":"2021-02-12T23:53:04","modified_gmt":"2021-02-13T04:53:04","slug":"gobierno-nacional-entrego-nuevo-sistema-de-transmision-que-fortalece-el-servicio-electrico-en-manabi-para-los-proximos-30-anos","status":"publish","type":"post","link":"https:\/\/www.celec.gob.ec\/cocacodo\/noticias\/gobierno-nacional-entrego-nuevo-sistema-de-transmision-que-fortalece-el-servicio-electrico-en-manabi-para-los-proximos-30-anos\/","title":{"rendered":"BOLET\u00cdN DE PRENSA"},"content":{"rendered":"<p class=\"MsoNormal\" style=\"line-height: normal; text-align: center;\"><span lang=\"ES\" style=\"font-size: 9pt; font-family: Tahoma, sans-serif;\"><b style=\"font-family: Tahoma, Helvetica, Arial, sans-serif; font-size: 12.16px;\"><span lang=\"ES\" style=\"font-size: 9pt; font-family: Tahoma, sans-serif;\">Gobierno Nacional entreg\u00f3 nuevo sistema de transmisi\u00f3n que fortalece el servicio el\u00e9ctrico en Manab\u00ed para los pr\u00f3ximos 30 a\u00f1os<\/span><\/b> <\/span><\/p>\n<p class=\"MsoNormal\" style=\"mso-margin-top-alt: auto; mso-margin-bottom-alt: auto; text-align: justify; line-height: 10.5pt;\"><span lang=\"ES\" style=\"font-size: 9pt; font-family: Tahoma, sans-serif;\"><span style=\"font-size: 9pt;\">La inauguraci\u00f3n del nuevo sistema de transmisi\u00f3n se desarroll\u00f3 en la Subestaci\u00f3n San Juan de Manta.<\/span><\/span><\/p>\n<p><!--more--><\/p>\n<p class=\"MsoNormal\" style=\"mso-margin-top-alt: auto; mso-margin-bottom-alt: auto; text-align: justify; text-justify: inter-ideograph; line-height: 10.5pt;\"><span lang=\"ES\" style=\"font-size: 9pt; font-family: Tahoma, sans-serif;\">Este jueves, 11 de febrero de 2020, el Gobierno Nacional entreg\u00f3 el nuevo sistema de transmisi\u00f3n Quevedo-San Gregorio-San Juan de Manta a 230 mil voltios, obra que fortalece el servicio el\u00e9ctrico en la provincia de Manab\u00ed para los pr\u00f3ximos 30 a\u00f1os. El acto se desarroll\u00f3 en la subestaci\u00f3n San Juan de Manta (provincia de Manab\u00ed) y cont\u00f3 con la presencia de Galo Segarra, subsecretario de Distribuci\u00f3n y Comercializaci\u00f3n de Energ\u00eda El\u00e9ctrica, en representaci\u00f3n del Ministro de Energ\u00eda y Recursos Naturales No Renovables, Ren\u00e9 Ortiz; del gerente general de la Corporaci\u00f3n El\u00e9ctrica del Ecuador, Gonzalo Uquillas Vallejo; del gerente de la Unidad de Negocio CELEC EP-Transelectric, Ra\u00fal Canelos, y autoridades de Manab\u00ed.<\/span><\/p>\n<p class=\"MsoNormal\" style=\"mso-margin-top-alt: auto; mso-margin-bottom-alt: auto; text-align: justify; text-justify: inter-ideograph; line-height: 10.5pt;\"><span lang=\"ES\" style=\"font-size: 9pt; font-family: Tahoma, sans-serif;\">Con una inversi\u00f3n de USD 44.3 millones, el nuevo sistema dota de un nuevo punto de conexi\u00f3n desde el Sistema Nacional de Transmisi\u00f3n (SNT) a la provincia de Manab\u00ed, especialmente a la zona centro, lo que permitir\u00e1 impulsar el desarrollo tur\u00edstico, acu\u00edcola, agroindustrial, comercial y residencial de la provincia, a trav\u00e9s de la entrega de un servicio el\u00e9ctrico confiable y seguro.<\/span><\/p>\n<p class=\"MsoNormal\" style=\"mso-margin-top-alt: auto; mso-margin-bottom-alt: auto; text-align: justify; text-justify: inter-ideograph; line-height: 10.5pt;\"><span lang=\"ES\" style=\"font-size: 9pt; font-family: Tahoma, sans-serif;\">Con esta y otras obras, el Gobierno Nacional, a trav\u00e9s del Ministerio de Energ\u00eda y Recursos Naturales No Renovables, mejora el servicio el\u00e9ctrico para la provincia de Manab\u00ed y promueve su desarrollo productivo y econ\u00f3mico, con un servicio el\u00e9ctrico confiable, seguro y de \u00f3ptima calidad. El sector el\u00e9ctrico no se detiene, contin\u00faa con el desarrollo de obras para expandir y garantizar el servicio el\u00e9ctrico a escala nacional, coment\u00f3 Galo Segarra.<\/span><\/p>\n<p class=\"MsoNormal\" style=\"mso-margin-top-alt: auto; mso-margin-bottom-alt: auto; text-align: justify; text-justify: inter-ideograph; line-height: 10.5pt;\"><span lang=\"ES\" style=\"font-size: 9pt; font-family: Tahoma, sans-serif;\">La Corporaci\u00f3n El\u00e9ctrica del Ecuador (CELEC EP), a trav\u00e9s de su Unidad de Negocio Transelectric, construy\u00f3 el sistema de transmisi\u00f3n Quevedo \u2013 San Gregorio \u2013 San Juan de Manta a 230 mil voltios, que aportar\u00e1 a la confiabilidad y mejoramiento de la calidad del abastecimiento de la energ\u00eda el\u00e9ctrica actual y futura a la empresa distribuidora CNEL EP &#8211; Manab\u00ed y sus zonas de influencia, lo que mejorar\u00e1 las condiciones de seguridad del servicio de trasmisi\u00f3n de energ\u00eda el\u00e9ctrica, destac\u00f3 Ra\u00fal Canelos.<\/span><\/p>\n<p class=\"MsoNormal\" style=\"mso-margin-top-alt: auto; mso-margin-bottom-alt: auto; text-align: justify; text-justify: inter-ideograph; line-height: 10.5pt;\"><span lang=\"ES\" style=\"font-size: 9pt; font-family: Tahoma, sans-serif;\">Las obras que conforman el nuevo sistema de transmisi\u00f3n son: L\u00ednea de transmisi\u00f3n San Gregorio \u2013 San Juan de Manta a 230 mil voltios. Subestaci\u00f3n San Juan de Manta, 230\/69 kV, 225 MVA. Ampliaci\u00f3n subestaci\u00f3n Quevedo, bah\u00eda de l\u00ednea a 230 mil voltios. Ampliaci\u00f3n subestaci\u00f3n San Gregorio, patio 230 mil voltios. <\/span><\/p>\n<p class=\"MsoNormal\" style=\"mso-margin-top-alt: auto; mso-margin-bottom-alt: auto; text-align: justify; text-justify: inter-ideograph; line-height: 10.5pt;\"><span lang=\"ES\" style=\"font-size: 9pt; font-family: Tahoma, sans-serif;\">Adem\u00e1s, la subestaci\u00f3n San Juan de Manta ser\u00e1 el punto de entrega de energ\u00eda de la nueva central fotovoltaica El Aromo, que se interconectar\u00e1n a trav\u00e9s de una l\u00ednea de 7 kil\u00f3metros. El Aromo tendr\u00e1 una potencia instalada de 200 megavatios y su producci\u00f3n energ\u00e9tica ingresar\u00e1 al Sistema Nacional de Transmisi\u00f3n \u2013SNT- lo cual mejorar\u00e1 y aumentar\u00e1 la confiabilidad del servicio de energ\u00eda el\u00e9ctrica para todos los ecuatorianos, espec\u00edficamente para la zona de Manab\u00ed, destac\u00f3 Gonzalo Uquillas Vallejo.<\/span><\/p>\n<p class=\"MsoNormal\" style=\"mso-margin-top-alt: auto; mso-margin-bottom-alt: auto; text-align: justify; text-justify: inter-ideograph; line-height: 10.5pt;\"><span lang=\"ES\" style=\"font-size: 9pt; font-family: Tahoma, sans-serif;\">La subestaci\u00f3n San Juan de Manta tambi\u00e9n recibir\u00e1 la energ\u00eda de la central fotovoltaica El Aromo.<\/span><\/p>\n<p class=\"MsoNormal\" style=\"mso-margin-top-alt: auto; mso-margin-bottom-alt: auto; text-align: justify; text-justify: inter-ideograph; line-height: 10.5pt;\"><span lang=\"ES\" style=\"font-size: 9pt; font-family: Tahoma, sans-serif;\">Este nuevo sistema de transmisi\u00f3n el\u00e9ctrica beneficia a 632.997 habitantes de los cantones de la zona centro de Manab\u00ed: Manta, Portoviejo, Rocafuerte, Tosagua, Jun\u00edn, Bol\u00edvar, Santa Ana y 24 de Mayo. Durante la ejecuci\u00f3n de este sistema de transmisi\u00f3n se gener\u00f3 400 plazas de trabajo, directas e indirectas, activando la econom\u00eda de las zonas de influencia.<\/span><\/p>\n","protected":false},"excerpt":{"rendered":"<p>Gobierno Nacional entreg\u00f3 nuevo sistema de transmisi\u00f3n que fortalece el servicio el\u00e9ctrico en Manab\u00ed para los pr\u00f3ximos 30 a\u00f1os La inauguraci\u00f3n del nuevo sistema de transmisi\u00f3n se desarroll\u00f3 en la Subestaci\u00f3n San Juan de Manta.<\/p>\n","protected":false},"author":1,"featured_media":0,"comment_status":"open","ping_status":"open","sticky":false,"template":"","format":"standard","meta":{"_acf_changed":false,"_themeisle_gutenberg_block_has_review":false,"footnotes":""},"categories":[8],"tags":[],"class_list":["post-556","post","type-post","status-publish","format-standard","hentry","category-noticias"],"acf":[],"_links":{"self":[{"href":"https:\/\/www.celec.gob.ec\/cocacodo\/wp-json\/wp\/v2\/posts\/556","targetHints":{"allow":["GET"]}}],"collection":[{"href":"https:\/\/www.celec.gob.ec\/cocacodo\/wp-json\/wp\/v2\/posts"}],"about":[{"href":"https:\/\/www.celec.gob.ec\/cocacodo\/wp-json\/wp\/v2\/types\/post"}],"author":[{"embeddable":true,"href":"https:\/\/www.celec.gob.ec\/cocacodo\/wp-json\/wp\/v2\/users\/1"}],"replies":[{"embeddable":true,"href":"https:\/\/www.celec.gob.ec\/cocacodo\/wp-json\/wp\/v2\/comments?post=556"}],"version-history":[{"count":0,"href":"https:\/\/www.celec.gob.ec\/cocacodo\/wp-json\/wp\/v2\/posts\/556\/revisions"}],"wp:attachment":[{"href":"https:\/\/www.celec.gob.ec\/cocacodo\/wp-json\/wp\/v2\/media?parent=556"}],"wp:term":[{"taxonomy":"category","embeddable":true,"href":"https:\/\/www.celec.gob.ec\/cocacodo\/wp-json\/wp\/v2\/categories?post=556"},{"taxonomy":"post_tag","embeddable":true,"href":"https:\/\/www.celec.gob.ec\/cocacodo\/wp-json\/wp\/v2\/tags?post=556"}],"curies":[{"name":"wp","href":"https:\/\/api.w.org\/{rel}","templated":true}]}}