{"id":558,"date":"2021-02-02T07:41:19","date_gmt":"2021-02-02T12:41:19","guid":{"rendered":"https:\/\/www.celec.gob.ec\/cocacodo\/?p=650"},"modified":"2021-02-02T07:41:19","modified_gmt":"2021-02-02T12:41:19","slug":"celec-ep-invierte-1-9-millones-en-las-provincias-de-napo-y-sucumbios-en-contratos-de-servicios-para-la-central-coca-codo-sinclair","status":"publish","type":"post","link":"https:\/\/www.celec.gob.ec\/cocacodo\/noticias\/celec-ep-invierte-1-9-millones-en-las-provincias-de-napo-y-sucumbios-en-contratos-de-servicios-para-la-central-coca-codo-sinclair\/","title":{"rendered":"BOLET\u00cdN DE PRENSA"},"content":{"rendered":"<p class=\"MsoNormal\" style=\"line-height: normal; text-align: center;\"><span lang=\"ES\" style=\"font-size: 9pt; font-family: Tahoma, sans-serif;\"><b style=\"font-family: Tahoma, Helvetica, Arial, sans-serif; font-size: 12.16px;\"><span lang=\"ES\" style=\"font-size: 9pt; font-family: Tahoma, sans-serif;\">CELEC EP invierte 1.9 millones en las provincias de Napo y Sucumb\u00edos en contratos de servicios para la central Coca Codo Sinclair<\/span><\/b> <\/span><\/p>\n<p class=\"MsoNormal\" style=\"mso-margin-top-alt: auto; mso-margin-bottom-alt: auto; text-align: justify; line-height: 10.5pt;\"><span lang=\"ES\" style=\"font-size: 9pt; font-family: Tahoma, sans-serif;\"><span style=\"font-size: 9pt;\">Durante enero, el Gobierno Nacional, a trav\u00e9s de la Corporaci\u00f3n El\u00e9ctrica del Ecuador (CELEC EP) y su Unidad de Negocio Coca Codo Sinclair, suscribi\u00f3 contratos por USD 1.9 millones paraservicios de transporte y fumigaci\u00f3n para el personal t\u00e9cnico e instalaciones de la central Coca Codo Sinclair, lo que benefici\u00f3 a la productividad de las provincias de Napo y Sucumb\u00edos, \u00e1reas de influencia de la hidroel\u00e9ctrica.<\/span><\/span><\/p>\n<p><!--more--><\/p>\n<p class=\"MsoNormal\" style=\"mso-margin-top-alt: auto; mso-margin-bottom-alt: auto; text-align: justify; text-justify: inter-ideograph; line-height: 10.5pt;\"><span lang=\"ES\" style=\"font-size: 9pt; font-family: Tahoma, sans-serif;\">La contrataci\u00f3n se enmarca en el procedimiento Ferias Inclusivas, que promueve la participaci\u00f3n de organizaciones de la econom\u00eda popular y solidaria (EPS), sectores comunitarios, cooperativas, asociaciones, unidades econ\u00f3micas populares, micro y peque\u00f1os productores ubicados en la zona de influencia de la principal central hidroel\u00e9ctrica del pa\u00eds.<\/span><\/p>\n<p class=\"MsoNormal\" style=\"mso-margin-top-alt: auto; mso-margin-bottom-alt: auto; text-align: justify; text-justify: inter-ideograph; line-height: 10.5pt;\"><span lang=\"ES\" style=\"font-size: 9pt; font-family: Tahoma, sans-serif;\">El contrato para la provisi\u00f3n del servicio de fumigaci\u00f3n integral y control de plagas fue suscrito con la asociaci\u00f3n \u201cASOSERCONPLAEX\u201d, por un monto de USD 108.365,40; mientras que para el servicio de transporte del personal de la central fue realizado con el consorcio \u201cBRISAS DEL CHACO BRICHACO-LUMBAQUI\u201d por el monto de USD 1\u2019824.424.<\/span><\/p>\n<p class=\"MsoNormal\" style=\"mso-margin-top-alt: auto; mso-margin-bottom-alt: auto; text-align: justify; text-justify: inter-ideograph; line-height: 10.5pt;\"><span lang=\"ES\" style=\"font-size: 9pt; font-family: Tahoma, sans-serif;\">Roberto Quishpe, procurador com\u00fan del consorcio Brisas del Chaco, BRICHACO \u2013LUMBAQUI, mencion\u00f3 que a trav\u00e9s de la suscripci\u00f3n del contrato con CELEC EP cada miembro y sus familias pueden contar con mejores oportunidades en lo econ\u00f3mico y social. Las compa\u00f1\u00edas que son parte del consorcio, tambi\u00e9n han destinado rubros para apoyar a los sectores de Sim\u00f3n Bol\u00edvar y El Chaco con el fin combatir la pandemia por el COVID-19.<\/span><\/p>\n<p class=\"MsoNormal\" style=\"mso-margin-top-alt: auto; mso-margin-bottom-alt: auto; text-align: justify; text-justify: inter-ideograph; line-height: 10.5pt;\"><span lang=\"ES\" style=\"font-size: 9pt; font-family: Tahoma, sans-serif;\">CELEC EP enmarca sus actividades en el Plan Nacional de Desarrollo del Gobierno Nacional, que busca impulsar la productividad y crecimiento sostenible de manera redistributiva y solidaria en las \u00e1reas de influencia de sus centrales y proyectos de generaci\u00f3n de energ\u00eda el\u00e9ctrica.<\/span><\/p>\n","protected":false},"excerpt":{"rendered":"<p>CELEC EP invierte 1.9 millones en las provincias de Napo y Sucumb\u00edos en contratos de servicios para la central Coca Codo Sinclair Durante enero, el Gobierno Nacional, a trav\u00e9s de la Corporaci\u00f3n El\u00e9ctrica del Ecuador (CELEC EP) y su Unidad de Negocio Coca Codo Sinclair, suscribi\u00f3 contratos por USD 1.9 millones paraservicios de transporte y [&hellip;]<\/p>\n","protected":false},"author":1,"featured_media":0,"comment_status":"open","ping_status":"open","sticky":false,"template":"","format":"standard","meta":{"_acf_changed":false,"_themeisle_gutenberg_block_has_review":false,"footnotes":""},"categories":[8],"tags":[],"class_list":["post-558","post","type-post","status-publish","format-standard","hentry","category-noticias"],"acf":[],"_links":{"self":[{"href":"https:\/\/www.celec.gob.ec\/cocacodo\/wp-json\/wp\/v2\/posts\/558","targetHints":{"allow":["GET"]}}],"collection":[{"href":"https:\/\/www.celec.gob.ec\/cocacodo\/wp-json\/wp\/v2\/posts"}],"about":[{"href":"https:\/\/www.celec.gob.ec\/cocacodo\/wp-json\/wp\/v2\/types\/post"}],"author":[{"embeddable":true,"href":"https:\/\/www.celec.gob.ec\/cocacodo\/wp-json\/wp\/v2\/users\/1"}],"replies":[{"embeddable":true,"href":"https:\/\/www.celec.gob.ec\/cocacodo\/wp-json\/wp\/v2\/comments?post=558"}],"version-history":[{"count":0,"href":"https:\/\/www.celec.gob.ec\/cocacodo\/wp-json\/wp\/v2\/posts\/558\/revisions"}],"wp:attachment":[{"href":"https:\/\/www.celec.gob.ec\/cocacodo\/wp-json\/wp\/v2\/media?parent=558"}],"wp:term":[{"taxonomy":"category","embeddable":true,"href":"https:\/\/www.celec.gob.ec\/cocacodo\/wp-json\/wp\/v2\/categories?post=558"},{"taxonomy":"post_tag","embeddable":true,"href":"https:\/\/www.celec.gob.ec\/cocacodo\/wp-json\/wp\/v2\/tags?post=558"}],"curies":[{"name":"wp","href":"https:\/\/api.w.org\/{rel}","templated":true}]}}