{"id":677,"date":"2022-09-27T20:49:54","date_gmt":"2022-09-28T01:49:54","guid":{"rendered":"https:\/\/www.celec.gob.ec\/cocacodo\/?p=784"},"modified":"2022-09-27T20:49:54","modified_gmt":"2022-09-28T01:49:54","slug":"en-el-primer-dia-mas-de-100-pacientes-acudieron-al-dispensario-medico-de-celec-ep-termoesmeraldas","status":"publish","type":"post","link":"https:\/\/www.celec.gob.ec\/cocacodo\/noticias\/en-el-primer-dia-mas-de-100-pacientes-acudieron-al-dispensario-medico-de-celec-ep-termoesmeraldas\/","title":{"rendered":"BOLET\u00cdN DE NOTICIAS"},"content":{"rendered":"<p class=\"MsoNormal\" style=\"line-height: normal; text-align: center;\"><span lang=\"ES\" style=\"font-size: 9pt; font-family: Tahoma, sans-serif;\"><b style=\"font-family: Tahoma, Helvetica, Arial, sans-serif; font-size: 12.16px;\"><span lang=\"ES\" style=\"font-size: 9pt; font-family: Tahoma, sans-serif;\">EN EL PRIMER D\u00cdA, M\u00c1S DE 100 PACIENTES ACUDIERON AL DISPENSARIO M\u00c9DICO DE CELEC EP TERMOESMERALDAS<\/span><\/b> <\/span><\/p>\n<p class=\"MsoNormal\" style=\"mso-margin-top-alt: auto; mso-margin-bottom-alt: auto; text-align: justify; line-height: 10.5pt;\"><span lang=\"ES\" style=\"font-size: 9pt; font-family: Tahoma, sans-serif;\"><span style=\"font-size: 9pt;\">Karina Batioja fue la primera paciente en recibir atenci\u00f3n en dispensario m\u00e9dico de CELEC EP Termoesmeraldas. La madre de 3 hijos acudi\u00f3 a medicina general para tratarse una dolencia que ven\u00eda padeciendo desde hace varios d\u00edas, pero por falta de recursos no hab\u00eda podido acudir a una consulta m\u00e9dica.<\/span><\/span><\/p>\n<p><!--more--><\/p>\n<p class=\"MsoNormal\" style=\"mso-margin-top-alt: auto; mso-margin-bottom-alt: auto; text-align: justify; text-justify: inter-ideograph; line-height: 10.5pt;\"><span lang=\"ES\" style=\"font-size: 9pt; font-family: Tahoma, sans-serif;\">El dispensario m\u00e9dico, financiado por CELEC EP, reabri\u00f3 la atenci\u00f3n gratuita, con un acto que se realiz\u00f3 la tarde del 21 de septiembre. Participaron, dirigentes barriales, habitantes del sur de la ciudad, el Delegado de la Defensor\u00eda del Pueblo, el Gerente de Termoesmeraldas y la Gobernadora de la Provincia, a quien le correspondi\u00f3 a nombre del Gobierno Nacional, inaugurar el servicio de atenci\u00f3n m\u00e9dica y la entrega de medicinas gratuitas.<\/span><\/p>\n<p class=\"MsoNormal\" style=\"mso-margin-top-alt: auto; mso-margin-bottom-alt: auto; text-align: justify; text-justify: inter-ideograph; line-height: 10.5pt;\"><span lang=\"ES\" style=\"font-size: 9pt; font-family: Tahoma, sans-serif;\">El Dispensario de Salud TIPO A cuenta con las especialidades de: pediatr\u00eda, medicina general, odontolog\u00eda, ginecobstetricia, servicio de ecograf\u00eda para embarazadas, electrocardiogramas y enfermer\u00eda. La atenci\u00f3n es de lunes a viernes, de 08:00 a 12:00, y de 14:00 a 17:00; una vez por mes se realizar\u00e1n brigadas m\u00e9dicas en diferentes sectores.<\/span><\/p>\n<p class=\"MsoNormal\" style=\"mso-margin-top-alt: auto; mso-margin-bottom-alt: auto; text-align: justify; text-justify: inter-ideograph; line-height: 10.5pt;\"><span lang=\"ES\" style=\"font-size: 9pt; font-family: Tahoma, sans-serif;\">El servicio m\u00e9dico gratuito es parte del programa de relaciones comunitarias de esta Empresa P\u00fablica Estrat\u00e9gica en beneficio de las poblaciones ubicadas junto a las centrales de generaci\u00f3n el\u00e9ctrica.<\/span><\/p>\n","protected":false},"excerpt":{"rendered":"<p>EN EL PRIMER D\u00cdA, M\u00c1S DE 100 PACIENTES ACUDIERON AL DISPENSARIO M\u00c9DICO DE CELEC EP TERMOESMERALDAS Karina Batioja fue la primera paciente en recibir atenci\u00f3n en dispensario m\u00e9dico de CELEC EP Termoesmeraldas. La madre de 3 hijos acudi\u00f3 a medicina general para tratarse una dolencia que ven\u00eda padeciendo desde hace varios d\u00edas, pero por falta [&hellip;]<\/p>\n","protected":false},"author":1,"featured_media":0,"comment_status":"open","ping_status":"open","sticky":false,"template":"","format":"standard","meta":{"_acf_changed":false,"_themeisle_gutenberg_block_has_review":false,"footnotes":""},"categories":[8],"tags":[],"class_list":["post-677","post","type-post","status-publish","format-standard","hentry","category-noticias"],"acf":[],"_links":{"self":[{"href":"https:\/\/www.celec.gob.ec\/cocacodo\/wp-json\/wp\/v2\/posts\/677","targetHints":{"allow":["GET"]}}],"collection":[{"href":"https:\/\/www.celec.gob.ec\/cocacodo\/wp-json\/wp\/v2\/posts"}],"about":[{"href":"https:\/\/www.celec.gob.ec\/cocacodo\/wp-json\/wp\/v2\/types\/post"}],"author":[{"embeddable":true,"href":"https:\/\/www.celec.gob.ec\/cocacodo\/wp-json\/wp\/v2\/users\/1"}],"replies":[{"embeddable":true,"href":"https:\/\/www.celec.gob.ec\/cocacodo\/wp-json\/wp\/v2\/comments?post=677"}],"version-history":[{"count":0,"href":"https:\/\/www.celec.gob.ec\/cocacodo\/wp-json\/wp\/v2\/posts\/677\/revisions"}],"wp:attachment":[{"href":"https:\/\/www.celec.gob.ec\/cocacodo\/wp-json\/wp\/v2\/media?parent=677"}],"wp:term":[{"taxonomy":"category","embeddable":true,"href":"https:\/\/www.celec.gob.ec\/cocacodo\/wp-json\/wp\/v2\/categories?post=677"},{"taxonomy":"post_tag","embeddable":true,"href":"https:\/\/www.celec.gob.ec\/cocacodo\/wp-json\/wp\/v2\/tags?post=677"}],"curies":[{"name":"wp","href":"https:\/\/api.w.org\/{rel}","templated":true}]}}