{"id":679,"date":"2022-09-27T20:44:49","date_gmt":"2022-09-28T01:44:49","guid":{"rendered":"https:\/\/www.celec.gob.ec\/cocacodo\/?p=782"},"modified":"2022-09-27T20:44:49","modified_gmt":"2022-09-28T01:44:49","slug":"celec-ep-termomanabi-culmina-mantenimiento-en-el-sistema-contraincendios","status":"publish","type":"post","link":"https:\/\/www.celec.gob.ec\/cocacodo\/noticias\/celec-ep-termomanabi-culmina-mantenimiento-en-el-sistema-contraincendios\/","title":{"rendered":"BOLET\u00cdN DE NOTICIAS"},"content":{"rendered":"<p class=\"MsoNormal\" style=\"line-height: normal; text-align: center;\"><span lang=\"ES\" style=\"font-size: 9pt; font-family: Tahoma, sans-serif;\"><b style=\"font-family: Tahoma, Helvetica, Arial, sans-serif; font-size: 12.16px;\"><span lang=\"ES\" style=\"font-size: 9pt; font-family: Tahoma, sans-serif;\">CELEC EP TERMOMANAB\u00cd CULMINA MANTENIMIENTO EN EL SISTEMA CONTRAINCENDIOS<\/span><\/b> <\/span><\/p>\n<p class=\"MsoNormal\" style=\"mso-margin-top-alt: auto; mso-margin-bottom-alt: auto; text-align: justify; line-height: 10.5pt;\"><span lang=\"ES\" style=\"font-size: 9pt; font-family: Tahoma, sans-serif;\"><span style=\"font-size: 9pt;\">La Corporaci\u00f3n El\u00e9ctrica del Ecuador (CELEC EP), a trav\u00e9s de su Unidad de Negocio Termomanab\u00ed, con el compromiso de garantizar la operaci\u00f3n segura de las centrales, gestion\u00f3 el mantenimiento preventivo y correctivo de los sistemas de extinci\u00f3n y detecci\u00f3n de incendio en todas sus centrales, cumpliendo con las normativas nacionales e internacionales.<\/span><\/span><\/p>\n<p><!--more--><\/p>\n<p class=\"MsoNormal\" style=\"mso-margin-top-alt: auto; mso-margin-bottom-alt: auto; text-align: justify; text-justify: inter-ideograph; line-height: 10.5pt;\"><span lang=\"ES\" style=\"font-size: 9pt; font-family: Tahoma, sans-serif;\">Un eje clave de esta actividad es la correcci\u00f3n de fallas comunes para habilitar subsistemas necesarios en los sistemas integrales de detecci\u00f3n y extinci\u00f3n de incendios que est\u00e1n fuera de servicio por cumplimiento de vida \u00fatil o deterioro.<\/span><\/p>\n<p class=\"MsoNormal\" style=\"mso-margin-top-alt: auto; mso-margin-bottom-alt: auto; text-align: justify; text-justify: inter-ideograph; line-height: 10.5pt;\"><span lang=\"ES\" style=\"font-size: 9pt; font-family: Tahoma, sans-serif;\">Los trabajos contemplaron la revisi\u00f3n y mantenimiento de todos sus elementos para la verificaci\u00f3n de su funcionamiento. Adem\u00e1s, se realizaron capacitaciones te\u00f3ricas y pr\u00e1cticas, en las que varios t\u00e9cnicos de las diferentes centrales de la Unidad de Negocio asistieron a las jornadas impartidas por especialistas certificados en protecci\u00f3n contra incendios.<\/span><\/p>\n<p class=\"MsoNormal\" style=\"mso-margin-top-alt: auto; mso-margin-bottom-alt: auto; text-align: justify; text-justify: inter-ideograph; line-height: 10.5pt;\"><span lang=\"ES\" style=\"font-size: 9pt; font-family: Tahoma, sans-serif;\">Las centrales Miraflores y Manta II tambi\u00e9n cuentan con este sistema, lo que permite que las actividades de generaci\u00f3n el\u00e9ctrica en Manab\u00ed se desarrollen de manera segura para nuestros colaboradores y sus zonas de influencia.<\/span><\/p>\n","protected":false},"excerpt":{"rendered":"<p>CELEC EP TERMOMANAB\u00cd CULMINA MANTENIMIENTO EN EL SISTEMA CONTRAINCENDIOS La Corporaci\u00f3n El\u00e9ctrica del Ecuador (CELEC EP), a trav\u00e9s de su Unidad de Negocio Termomanab\u00ed, con el compromiso de garantizar la operaci\u00f3n segura de las centrales, gestion\u00f3 el mantenimiento preventivo y correctivo de los sistemas de extinci\u00f3n y detecci\u00f3n de incendio en todas sus centrales, cumpliendo [&hellip;]<\/p>\n","protected":false},"author":1,"featured_media":0,"comment_status":"open","ping_status":"open","sticky":false,"template":"","format":"standard","meta":{"_acf_changed":false,"_themeisle_gutenberg_block_has_review":false,"footnotes":""},"categories":[8],"tags":[],"class_list":["post-679","post","type-post","status-publish","format-standard","hentry","category-noticias"],"acf":[],"_links":{"self":[{"href":"https:\/\/www.celec.gob.ec\/cocacodo\/wp-json\/wp\/v2\/posts\/679","targetHints":{"allow":["GET"]}}],"collection":[{"href":"https:\/\/www.celec.gob.ec\/cocacodo\/wp-json\/wp\/v2\/posts"}],"about":[{"href":"https:\/\/www.celec.gob.ec\/cocacodo\/wp-json\/wp\/v2\/types\/post"}],"author":[{"embeddable":true,"href":"https:\/\/www.celec.gob.ec\/cocacodo\/wp-json\/wp\/v2\/users\/1"}],"replies":[{"embeddable":true,"href":"https:\/\/www.celec.gob.ec\/cocacodo\/wp-json\/wp\/v2\/comments?post=679"}],"version-history":[{"count":0,"href":"https:\/\/www.celec.gob.ec\/cocacodo\/wp-json\/wp\/v2\/posts\/679\/revisions"}],"wp:attachment":[{"href":"https:\/\/www.celec.gob.ec\/cocacodo\/wp-json\/wp\/v2\/media?parent=679"}],"wp:term":[{"taxonomy":"category","embeddable":true,"href":"https:\/\/www.celec.gob.ec\/cocacodo\/wp-json\/wp\/v2\/categories?post=679"},{"taxonomy":"post_tag","embeddable":true,"href":"https:\/\/www.celec.gob.ec\/cocacodo\/wp-json\/wp\/v2\/tags?post=679"}],"curies":[{"name":"wp","href":"https:\/\/api.w.org\/{rel}","templated":true}]}}