{"id":689,"date":"2022-08-08T21:56:28","date_gmt":"2022-08-09T02:56:28","guid":{"rendered":"https:\/\/www.celec.gob.ec\/cocacodo\/?p=768"},"modified":"2022-08-08T21:56:28","modified_gmt":"2022-08-09T02:56:28","slug":"ecuador-fortalece-las-politicas-publicas-en-el-sector-electrico","status":"publish","type":"post","link":"https:\/\/www.celec.gob.ec\/cocacodo\/noticias\/ecuador-fortalece-las-politicas-publicas-en-el-sector-electrico\/","title":{"rendered":"BOLET\u00cdN DE NOTICIAS"},"content":{"rendered":"<p class=\"MsoNormal\" style=\"line-height: normal; text-align: center;\"><span lang=\"ES\" style=\"font-size: 9pt; font-family: Tahoma, sans-serif;\"><b style=\"font-family: Tahoma, Helvetica, Arial, sans-serif; font-size: 12.16px;\"><span lang=\"ES\" style=\"font-size: 9pt; font-family: Tahoma, sans-serif;\">ECUADOR FORTALECE LAS POL\u00cdTICAS P\u00daBLICAS EN EL SECTOR EL\u00c9CTRICO<\/span><\/b> <\/span><\/p>\n<p class=\"MsoNormal\" style=\"mso-margin-top-alt: auto; mso-margin-bottom-alt: auto; text-align: justify; line-height: 10.5pt;\"><span lang=\"ES\" style=\"font-size: 9pt; font-family: Tahoma, sans-serif;\"><span style=\"font-size: 9pt;\">El Ministerio de Energ\u00eda y Minas dando cumplimiento al art\u00edculo uno del Decreto Ejecutivo N\u00ba 238, emiti\u00f3 el pasado mes de junio, las Pol\u00edticas P\u00fablicas del Sector El\u00e9ctrico ecuatoriano. El documento permitir\u00e1 tener un crecimiento sostenido del sector que coadyuve al desarrollo social, productivo y econ\u00f3mico del pa\u00eds.<\/span><\/span><\/p>\n<p><!--more--><\/p>\n<p class=\"MsoNormal\" style=\"mso-margin-top-alt: auto; mso-margin-bottom-alt: auto; text-align: justify; text-justify: inter-ideograph; line-height: 10.5pt;\"><span lang=\"ES\" style=\"font-size: 9pt; font-family: Tahoma, sans-serif;\">Las nuevas directrices del sector el\u00e9ctrico ecuatoriano, impulsar\u00e1n los objetivos y metas establecidas en el Plan Nacional de Desarrollo en temas de: servicio p\u00fablico de energ\u00eda el\u00e9ctrica, alumbrado p\u00fablico general, carga de veh\u00edculos el\u00e9ctricos y almacenamiento de energ\u00eda, todo esto mediante la participaci\u00f3n conjunta de la inversi\u00f3n p\u00fablica y privada.<\/span><\/p>\n<p class=\"MsoNormal\" style=\"mso-margin-top-alt: auto; mso-margin-bottom-alt: auto; text-align: justify; text-justify: inter-ideograph; line-height: 10.5pt;\"><span lang=\"ES\" style=\"font-size: 9pt; font-family: Tahoma, sans-serif;\">Adem\u00e1s, se estableci\u00f3 los siguientes pilares estrat\u00e9gicos del sector:<\/span><\/p>\n<p class=\"MsoNormal\" style=\"mso-margin-top-alt: auto; mso-margin-bottom-alt: auto; text-align: justify; text-justify: inter-ideograph; line-height: 10.5pt;\"><span lang=\"ES\" style=\"font-size: 9pt; font-family: Tahoma, sans-serif;\"> 1. Seguridad y Calidad para el Abastecimiento de Energ\u00eda El\u00e9ctrica. <\/span><\/p>\n<p class=\"MsoNormal\" style=\"mso-margin-top-alt: auto; mso-margin-bottom-alt: auto; text-align: justify; text-justify: inter-ideograph; line-height: 10.5pt;\"><span lang=\"ES\" style=\"font-size: 9pt; font-family: Tahoma, sans-serif;\">2. Demanda y Consumo de Energ\u00eda El\u00e9ctrica. <\/span><\/p>\n<p class=\"MsoNormal\" style=\"mso-margin-top-alt: auto; mso-margin-bottom-alt: auto; text-align: justify; text-justify: inter-ideograph; line-height: 10.5pt;\"><span lang=\"ES\" style=\"font-size: 9pt; font-family: Tahoma, sans-serif;\">3. Eficiencia Energ\u00e9tica. <\/span><\/p>\n<p class=\"MsoNormal\" style=\"mso-margin-top-alt: auto; mso-margin-bottom-alt: auto; text-align: justify; text-justify: inter-ideograph; line-height: 10.5pt;\"><span lang=\"ES\" style=\"font-size: 9pt; font-family: Tahoma, sans-serif;\">4. Ambiental y Social. <\/span><\/p>\n<p class=\"MsoNormal\" style=\"mso-margin-top-alt: auto; mso-margin-bottom-alt: auto; text-align: justify; text-justify: inter-ideograph; line-height: 10.5pt;\"><span lang=\"ES\" style=\"font-size: 9pt; font-family: Tahoma, sans-serif;\">5. Institucional. <\/span><\/p>\n<p class=\"MsoNormal\" style=\"mso-margin-top-alt: auto; mso-margin-bottom-alt: auto; text-align: justify; text-justify: inter-ideograph; line-height: 10.5pt;\"><span lang=\"ES\" style=\"font-size: 9pt; font-family: Tahoma, sans-serif;\">Cabe resaltar, que todos los procesos p\u00fablicos del sector energ\u00e9tico, seguir\u00e1n manteni\u00e9ndose con transparencia, eficiencia, competitividad, innovaci\u00f3n y responsables con el ambiente y as\u00ed garantizar la seguridad jur\u00eddica.<\/span><\/p>\n<p class=\"MsoNormal\" style=\"mso-margin-top-alt: auto; mso-margin-bottom-alt: auto; text-align: justify; text-justify: inter-ideograph; line-height: 10.5pt;\"><span lang=\"ES\" style=\"font-size: 9pt; font-family: Tahoma, sans-serif;\">El Gobierno Nacional a trav\u00e9s del Ministerio de Energ\u00eda y Minas, trabaja de forma comprometida con la ciudadan\u00eda, para seguir impulsando la reactivaci\u00f3n econ\u00f3mica en beneficio de todos los ecuatorianos. <\/span><\/p>\n","protected":false},"excerpt":{"rendered":"<p>ECUADOR FORTALECE LAS POL\u00cdTICAS P\u00daBLICAS EN EL SECTOR EL\u00c9CTRICO El Ministerio de Energ\u00eda y Minas dando cumplimiento al art\u00edculo uno del Decreto Ejecutivo N\u00ba 238, emiti\u00f3 el pasado mes de junio, las Pol\u00edticas P\u00fablicas del Sector El\u00e9ctrico ecuatoriano. El documento permitir\u00e1 tener un crecimiento sostenido del sector que coadyuve al desarrollo social, productivo y econ\u00f3mico [&hellip;]<\/p>\n","protected":false},"author":1,"featured_media":0,"comment_status":"open","ping_status":"open","sticky":false,"template":"","format":"standard","meta":{"_acf_changed":false,"_themeisle_gutenberg_block_has_review":false,"footnotes":""},"categories":[8],"tags":[],"class_list":["post-689","post","type-post","status-publish","format-standard","hentry","category-noticias"],"acf":[],"_links":{"self":[{"href":"https:\/\/www.celec.gob.ec\/cocacodo\/wp-json\/wp\/v2\/posts\/689","targetHints":{"allow":["GET"]}}],"collection":[{"href":"https:\/\/www.celec.gob.ec\/cocacodo\/wp-json\/wp\/v2\/posts"}],"about":[{"href":"https:\/\/www.celec.gob.ec\/cocacodo\/wp-json\/wp\/v2\/types\/post"}],"author":[{"embeddable":true,"href":"https:\/\/www.celec.gob.ec\/cocacodo\/wp-json\/wp\/v2\/users\/1"}],"replies":[{"embeddable":true,"href":"https:\/\/www.celec.gob.ec\/cocacodo\/wp-json\/wp\/v2\/comments?post=689"}],"version-history":[{"count":0,"href":"https:\/\/www.celec.gob.ec\/cocacodo\/wp-json\/wp\/v2\/posts\/689\/revisions"}],"wp:attachment":[{"href":"https:\/\/www.celec.gob.ec\/cocacodo\/wp-json\/wp\/v2\/media?parent=689"}],"wp:term":[{"taxonomy":"category","embeddable":true,"href":"https:\/\/www.celec.gob.ec\/cocacodo\/wp-json\/wp\/v2\/categories?post=689"},{"taxonomy":"post_tag","embeddable":true,"href":"https:\/\/www.celec.gob.ec\/cocacodo\/wp-json\/wp\/v2\/tags?post=689"}],"curies":[{"name":"wp","href":"https:\/\/api.w.org\/{rel}","templated":true}]}}