{"id":712,"date":"2022-01-19T21:03:26","date_gmt":"2022-01-20T02:03:26","guid":{"rendered":"https:\/\/www.celec.gob.ec\/cocacodo\/?p=733"},"modified":"2022-01-19T21:03:26","modified_gmt":"2022-01-20T02:03:26","slug":"gerente-general-de-celec-ep-participa-en-tratamiento-de-ley-de-energia-electrica","status":"publish","type":"post","link":"https:\/\/www.celec.gob.ec\/cocacodo\/noticias\/gerente-general-de-celec-ep-participa-en-tratamiento-de-ley-de-energia-electrica\/","title":{"rendered":"BOLET\u00cdN DE NOTICIAS"},"content":{"rendered":"<p class=\"MsoNormal\" style=\"line-height: normal; text-align: center;\"><span lang=\"ES\" style=\"font-size: 9pt; font-family: Tahoma, sans-serif;\"><b style=\"font-family: Tahoma, Helvetica, Arial, sans-serif; font-size: 12.16px;\"><span lang=\"ES\" style=\"font-size: 9pt; font-family: Tahoma, sans-serif;\">GERENTE GENERAL DE CELEC EP PARTICIPA EN TRATAMIENTO DE LEY DE ENERG\u00cdA EL\u00c9CTRICA<\/span><\/b> <\/span><\/p>\n<p class=\"MsoNormal\" style=\"mso-margin-top-alt: auto; mso-margin-bottom-alt: auto; text-align: justify; line-height: 10.5pt;\"><span lang=\"ES\" style=\"font-size: 9pt; font-family: Tahoma, sans-serif;\"><span style=\"font-size: 9pt;\">El Gerente General de la Corporaci\u00f3n El\u00e9ctrica del Ecuador (CELEC EP), Gonzalo Uquillas Vallejo, particip\u00f3 en la sesi\u00f3n N\u00ba 64 de la Comisi\u00f3n de Desarrollo Econ\u00f3mico, Productivo y la Microempresa de la Asamblea Nacional, que tramita el proyecto de Ley Reformatoria a la Ley Org\u00e1nica del Servicio P\u00fablico de Energ\u00eda El\u00e9ctrica.<\/span><\/span><\/p>\n<p><!--more--><\/p>\n<p class=\"MsoNormal\" style=\"mso-margin-top-alt: auto; mso-margin-bottom-alt: auto; text-align: justify; text-justify: inter-ideograph; line-height: 10.5pt;\"><span lang=\"ES\" style=\"font-size: 9pt; font-family: Tahoma, sans-serif;\">Se refiri\u00f3 acerca de la propuesta de crear una tarifa amaz\u00f3nica preferencial, as\u00ed como a los recursos para el desarrollo territorial de los Gobiernos Aut\u00f3nomos Descentralizados (GADs). Al respecto dijo que \u201cal momento la normativa establece la necesidad de una tarifa a nivel nacional, que incluye Gal\u00e1pagos, donde los costos de generaci\u00f3n el\u00e9ctrica son mucho m\u00e1s altos que los que realmente se reconocen\u201d.<\/span><\/p>\n<p class=\"MsoNormal\" style=\"mso-margin-top-alt: auto; mso-margin-bottom-alt: auto; text-align: justify; text-justify: inter-ideograph; line-height: 10.5pt;\"><span lang=\"ES\" style=\"font-size: 9pt; font-family: Tahoma, sans-serif;\">Se refiri\u00f3 acerca de la propuesta de crear una tarifa amaz\u00f3nica preferencial, as\u00ed como a los recursos para el desarrollo territorial de los Gobiernos Aut\u00f3nomos Descentralizados (GADs). Al respecto dijo que \u201cal momento la normativa establece la necesidad de una tarifa a nivel nacional, que incluye Gal\u00e1pagos, donde los costos de generaci\u00f3n el\u00e9ctrica son mucho m\u00e1s altos que los que realmente se reconocen\u201d.<\/span><\/p>\n<p class=\"MsoNormal\" style=\"mso-margin-top-alt: auto; mso-margin-bottom-alt: auto; text-align: justify; text-justify: inter-ideograph; line-height: 10.5pt;\"><span lang=\"ES\" style=\"font-size: 9pt; font-family: Tahoma, sans-serif;\">Se\u00f1al\u00f3 que es indispensable hacer uso de la normativa vigente en t\u00e9rminos de la aplicaci\u00f3n de la Tarifa Dignidad y el subsidio correspondiente a cargo del sector el\u00e9ctrico y cuando corresponda a cargo del Ministerio de Econom\u00eda y Finanzas. \u201cEn este sentido, el criterio de CELEC EP es que exista un principio universal aplicado al Ecuador, que establece la necesidad de contar con una tarifa \u00fanica, esto incluye a la Amazon\u00eda\u201d, expres\u00f3.<\/span><\/p>\n<p class=\"MsoNormal\" style=\"mso-margin-top-alt: auto; mso-margin-bottom-alt: auto; text-align: justify; text-justify: inter-ideograph; line-height: 10.5pt;\"><span lang=\"ES\" style=\"font-size: 9pt; font-family: Tahoma, sans-serif;\">Por otro lado, explic\u00f3 que \u201csiendo v\u00e1lido impulsar el desarrollo de los GADs, a fin de atender diferentes necesidades, es indispensable reconocer que existe un marco legal vigente, es as\u00ed que la regulaci\u00f3n respectiva establece c\u00f3mo se van a asignar esos recursos econ\u00f3micos\u201d.<\/span><\/p>\n<p class=\"MsoNormal\" style=\"mso-margin-top-alt: auto; mso-margin-bottom-alt: auto; text-align: justify; text-justify: inter-ideograph; line-height: 10.5pt;\"><span lang=\"ES\" style=\"font-size: 9pt; font-family: Tahoma, sans-serif;\">Tambi\u00e9n coment\u00f3 que \u201ces importante promover la inversi\u00f3n privada, con alianzas estrat\u00e9gicas, la asociatividad p\u00fablico-privada para promover el desarrollo de nuevos proyectos de generaci\u00f3n y transmisi\u00f3n de energ\u00eda el\u00e9ctrica, como los proyectos Santiago, Cardenillo, la interconexi\u00f3n del Sistema Nacional Interconectado con el Sistema El\u00e9ctrico Petrolero\u201d.<\/span><\/p>\n<p class=\"MsoNormal\" style=\"mso-margin-top-alt: auto; mso-margin-bottom-alt: auto; text-align: justify; text-justify: inter-ideograph; line-height: 10.5pt;\"><span lang=\"ES\" style=\"font-size: 9pt; font-family: Tahoma, sans-serif;\">Finalmente, manifest\u00f3 que es importante que dentro de estos ajustes que analiza la Comisi\u00f3n de Desarrollo Econ\u00f3mico \u201cpudieran sincronizarse con iniciativas del Ejecutivo que van en la l\u00ednea de acuerdo a los decretos 238 y 239 para el desarrollo del sector el\u00e9ctrico\u201d.<\/span><\/p>\n<p class=\"MsoNormal\" style=\"mso-margin-top-alt: auto; mso-margin-bottom-alt: auto; text-align: justify; text-justify: inter-ideograph; line-height: 10.5pt;\"><span lang=\"ES\" style=\"font-size: 9pt; font-family: Tahoma, sans-serif;\">\u201cEs muy importante que la Asamblea Nacional pueda liderar el cambio normativo y las leyes que incentiven ahora y en un futuro cercano el uso intensivo de la energ\u00eda el\u00e9ctrica\u201d, concluy\u00f3 Gonzalo Uquillas Vallejo.<\/span><\/p>\n","protected":false},"excerpt":{"rendered":"<p>GERENTE GENERAL DE CELEC EP PARTICIPA EN TRATAMIENTO DE LEY DE ENERG\u00cdA EL\u00c9CTRICA El Gerente General de la Corporaci\u00f3n El\u00e9ctrica del Ecuador (CELEC EP), Gonzalo Uquillas Vallejo, particip\u00f3 en la sesi\u00f3n N\u00ba 64 de la Comisi\u00f3n de Desarrollo Econ\u00f3mico, Productivo y la Microempresa de la Asamblea Nacional, que tramita el proyecto de Ley Reformatoria a [&hellip;]<\/p>\n","protected":false},"author":1,"featured_media":0,"comment_status":"open","ping_status":"open","sticky":false,"template":"","format":"standard","meta":{"_acf_changed":false,"_themeisle_gutenberg_block_has_review":false,"footnotes":""},"categories":[8],"tags":[],"class_list":["post-712","post","type-post","status-publish","format-standard","hentry","category-noticias"],"acf":[],"_links":{"self":[{"href":"https:\/\/www.celec.gob.ec\/cocacodo\/wp-json\/wp\/v2\/posts\/712","targetHints":{"allow":["GET"]}}],"collection":[{"href":"https:\/\/www.celec.gob.ec\/cocacodo\/wp-json\/wp\/v2\/posts"}],"about":[{"href":"https:\/\/www.celec.gob.ec\/cocacodo\/wp-json\/wp\/v2\/types\/post"}],"author":[{"embeddable":true,"href":"https:\/\/www.celec.gob.ec\/cocacodo\/wp-json\/wp\/v2\/users\/1"}],"replies":[{"embeddable":true,"href":"https:\/\/www.celec.gob.ec\/cocacodo\/wp-json\/wp\/v2\/comments?post=712"}],"version-history":[{"count":0,"href":"https:\/\/www.celec.gob.ec\/cocacodo\/wp-json\/wp\/v2\/posts\/712\/revisions"}],"wp:attachment":[{"href":"https:\/\/www.celec.gob.ec\/cocacodo\/wp-json\/wp\/v2\/media?parent=712"}],"wp:term":[{"taxonomy":"category","embeddable":true,"href":"https:\/\/www.celec.gob.ec\/cocacodo\/wp-json\/wp\/v2\/categories?post=712"},{"taxonomy":"post_tag","embeddable":true,"href":"https:\/\/www.celec.gob.ec\/cocacodo\/wp-json\/wp\/v2\/tags?post=712"}],"curies":[{"name":"wp","href":"https:\/\/api.w.org\/{rel}","templated":true}]}}