{"id":1005,"date":"2020-05-19T18:33:34","date_gmt":"2020-05-19T18:33:34","guid":{"rendered":"https:\/\/www.celec.gob.ec\/gensur\/?p=429"},"modified":"2020-05-19T18:33:34","modified_gmt":"2020-05-19T18:33:34","slug":"celec-ep-termopichincha-realiza-inspecciones-ambientales-en-la-central-sacha","status":"publish","type":"post","link":"https:\/\/www.celec.gob.ec\/gensur\/noticias\/celec-ep-termopichincha-realiza-inspecciones-ambientales-en-la-central-sacha\/","title":{"rendered":"CELEC EP Termopichincha realiza inspecciones ambientales en la Central Sacha"},"content":{"rendered":"<div>\n<p><img decoding=\"async\" src=\"https:\/\/www.celec.gob.ec\/images\/Sacha_inspecciones.jpg\" alt=\"\" \/><\/p>\n<p>La Corporaci\u00f3n El\u00e9ctrica del Ecuador -CELEC EP, a trav\u00e9s de la Unidad de Negocio TERMOPICHINCHA, administra la operaci\u00f3n de 25 centrales de generaci\u00f3n t\u00e9rmica y una h\u00eddrica que se encuentran ubicadas en las cuatro regiones del pa\u00eds.<\/p>\n<p>Desde la Central T\u00e9rmica Sacha, ubicada en el cant\u00f3n Joya de Los Sachas (Orellana) genera energ\u00eda para el desarrollo de actividades hidrocarbur\u00edferas de Petroamazonas EP, en el Bloque 60, con una potencia nominal instalada de 20 MW.<\/p>\n<p>Personal del \u00e1rea de Gesti\u00f3n Social y Ambiental de la Unidad de Negocio Termopichincha, realiza inspecciones de los puntos cr\u00edticos en el proceso de generaci\u00f3n, con la finalidad de mitigar impactos al ambiente. Se inspecciona el estado de los tanques de almacenamiento de combustible, el sistema de conducci\u00f3n (tuber\u00edas, v\u00e1lvulas, bridas, etc.) y que est\u00e9n operativos todos los kits para contenci\u00f3n de derrames, en el caso de que se deba realizar trabajos.<\/p>\n<p>En todas sus operaciones CELEC EP Termopichincha tiene un compromiso y responsabilidad con el ambiente, con el prop\u00f3sito de prevenir contaminaciones, con la implementaci\u00f3n de medidas preventivas y promoviendo las buenas pr\u00e1cticas ambientales en el personal de la Central.<\/p>\n<p>Fecha de publicaci\u00f3n: 19 de mayo de 2020.<\/p>\n<\/div>\n","protected":false},"excerpt":{"rendered":"<p>La Corporaci\u00f3n El\u00e9ctrica del Ecuador -CELEC EP, a trav\u00e9s de la Unidad de Negocio TERMOPICHINCHA, administra la operaci\u00f3n de 25 centrales de generaci\u00f3n t\u00e9rmica y una h\u00eddrica que se encuentran ubicadas en las cuatro regiones del pa\u00eds. Desde la Central T\u00e9rmica Sacha, ubicada en el cant\u00f3n Joya de Los Sachas (Orellana) genera energ\u00eda para el [&hellip;]<\/p>\n","protected":false},"author":1,"featured_media":0,"comment_status":"open","ping_status":"open","sticky":false,"template":"","format":"standard","meta":{"_acf_changed":false,"_themeisle_gutenberg_block_has_review":false,"footnotes":""},"categories":[7],"tags":[],"class_list":["post-1005","post","type-post","status-publish","format-standard","hentry","category-noticias"],"acf":[],"_links":{"self":[{"href":"https:\/\/www.celec.gob.ec\/gensur\/wp-json\/wp\/v2\/posts\/1005","targetHints":{"allow":["GET"]}}],"collection":[{"href":"https:\/\/www.celec.gob.ec\/gensur\/wp-json\/wp\/v2\/posts"}],"about":[{"href":"https:\/\/www.celec.gob.ec\/gensur\/wp-json\/wp\/v2\/types\/post"}],"author":[{"embeddable":true,"href":"https:\/\/www.celec.gob.ec\/gensur\/wp-json\/wp\/v2\/users\/1"}],"replies":[{"embeddable":true,"href":"https:\/\/www.celec.gob.ec\/gensur\/wp-json\/wp\/v2\/comments?post=1005"}],"version-history":[{"count":0,"href":"https:\/\/www.celec.gob.ec\/gensur\/wp-json\/wp\/v2\/posts\/1005\/revisions"}],"wp:attachment":[{"href":"https:\/\/www.celec.gob.ec\/gensur\/wp-json\/wp\/v2\/media?parent=1005"}],"wp:term":[{"taxonomy":"category","embeddable":true,"href":"https:\/\/www.celec.gob.ec\/gensur\/wp-json\/wp\/v2\/categories?post=1005"},{"taxonomy":"post_tag","embeddable":true,"href":"https:\/\/www.celec.gob.ec\/gensur\/wp-json\/wp\/v2\/tags?post=1005"}],"curies":[{"name":"wp","href":"https:\/\/api.w.org\/{rel}","templated":true}]}}