{"id":1247,"date":"2023-08-30T17:28:27","date_gmt":"2023-08-30T17:28:27","guid":{"rendered":"https:\/\/www.celec.gob.ec\/gensur\/?p=1247"},"modified":"2023-08-30T17:28:29","modified_gmt":"2023-08-30T17:28:29","slug":"convocatoria-feria-inclusiva-nro-fi-celgsr-2023-033","status":"publish","type":"post","link":"https:\/\/www.celec.gob.ec\/gensur\/noticias\/convocatoria-feria-inclusiva-nro-fi-celgsr-2023-033\/","title":{"rendered":"CONVOCATORIA FERIA INCLUSIVA Nro. FI-CELGSR-2023-033"},"content":{"rendered":"\n<p class=\"has-text-align-center\">La Corporaci\u00f3n El\u00e9ctrica del Ecuador UNIDAD DE NEGOCIO CELEC EP GENSUR convoca a trav\u00e9s del Portal &nbsp;Institucional de Servicio Nacional de Contrataci\u00f3n P\u00fablica, y del Diario La Hora, a todas las personas &nbsp;&nbsp;naturales o jur\u00eddicas, ya sea de manera individual o a trav\u00e9s de asociaciones o consorcios o por compromiso de asociaci\u00f3n o consorcios, para la presentaci\u00f3n de ofertas relacionadas con; &nbsp;\u201cGSR SERVICIO DE MANTENIMIENTO DE AREAS VERDES DE LAS INSTALACIONES DE LA CENTRAL HIDROELECTRICA DELSITANISAGUA\u201d.<\/p>\n\n\n\n<div data-wp-interactive=\"core\/file\" class=\"wp-block-file\"><object data-wp-bind--hidden=\"!state.hasPdfPreview\" hidden class=\"wp-block-file__embed\" data=\"https:\/\/www.celec.gob.ec\/gensur\/wp-content\/uploads\/2023\/08\/CONVOCATORIA-signed_Feria-Inclusiva-3082023.pdf\" type=\"application\/pdf\" style=\"width:100%;height:600px\" aria-label=\"Incrustado de CONVOCATORIA-signed_Feria-Inclusiva-3082023.\"><\/object><a id=\"wp-block-file--media-2cf122fa-0812-444f-ac7c-6334a337ad75\" href=\"https:\/\/www.celec.gob.ec\/gensur\/wp-content\/uploads\/2023\/08\/CONVOCATORIA-signed_Feria-Inclusiva-3082023.pdf\">CONVOCATORIA-signed_Feria-Inclusiva-3082023<\/a><a href=\"https:\/\/www.celec.gob.ec\/gensur\/wp-content\/uploads\/2023\/08\/CONVOCATORIA-signed_Feria-Inclusiva-3082023.pdf\" class=\"wp-block-file__button wp-element-button\" download aria-describedby=\"wp-block-file--media-2cf122fa-0812-444f-ac7c-6334a337ad75\">Descarga<\/a><\/div>\n","protected":false},"excerpt":{"rendered":"<p>La Corporaci\u00f3n El\u00e9ctrica del Ecuador UNIDAD DE NEGOCIO CELEC EP GENSUR convoca a trav\u00e9s del Portal &nbsp;Institucional de Servicio Nacional de Contrataci\u00f3n P\u00fablica, y del Diario La Hora, a todas las personas &nbsp;&nbsp;naturales o jur\u00eddicas, ya sea de manera individual o a trav\u00e9s de asociaciones o consorcios o por compromiso de asociaci\u00f3n o consorcios, para [&hellip;]<\/p>\n","protected":false},"author":2,"featured_media":0,"comment_status":"open","ping_status":"open","sticky":false,"template":"","format":"standard","meta":{"_acf_changed":false,"_themeisle_gutenberg_block_has_review":false,"footnotes":""},"categories":[7],"tags":[],"class_list":["post-1247","post","type-post","status-publish","format-standard","hentry","category-noticias"],"acf":[],"_links":{"self":[{"href":"https:\/\/www.celec.gob.ec\/gensur\/wp-json\/wp\/v2\/posts\/1247","targetHints":{"allow":["GET"]}}],"collection":[{"href":"https:\/\/www.celec.gob.ec\/gensur\/wp-json\/wp\/v2\/posts"}],"about":[{"href":"https:\/\/www.celec.gob.ec\/gensur\/wp-json\/wp\/v2\/types\/post"}],"author":[{"embeddable":true,"href":"https:\/\/www.celec.gob.ec\/gensur\/wp-json\/wp\/v2\/users\/2"}],"replies":[{"embeddable":true,"href":"https:\/\/www.celec.gob.ec\/gensur\/wp-json\/wp\/v2\/comments?post=1247"}],"version-history":[{"count":1,"href":"https:\/\/www.celec.gob.ec\/gensur\/wp-json\/wp\/v2\/posts\/1247\/revisions"}],"predecessor-version":[{"id":1249,"href":"https:\/\/www.celec.gob.ec\/gensur\/wp-json\/wp\/v2\/posts\/1247\/revisions\/1249"}],"wp:attachment":[{"href":"https:\/\/www.celec.gob.ec\/gensur\/wp-json\/wp\/v2\/media?parent=1247"}],"wp:term":[{"taxonomy":"category","embeddable":true,"href":"https:\/\/www.celec.gob.ec\/gensur\/wp-json\/wp\/v2\/categories?post=1247"},{"taxonomy":"post_tag","embeddable":true,"href":"https:\/\/www.celec.gob.ec\/gensur\/wp-json\/wp\/v2\/tags?post=1247"}],"curies":[{"name":"wp","href":"https:\/\/api.w.org\/{rel}","templated":true}]}}