{"id":1254,"date":"2023-09-04T15:05:41","date_gmt":"2023-09-04T15:05:41","guid":{"rendered":"https:\/\/www.celec.gob.ec\/gensur\/?p=1254"},"modified":"2023-09-04T15:05:43","modified_gmt":"2023-09-04T15:05:43","slug":"convocatoria-concurso-de-meritos-y-oposicion-para-jefe-de-la-central-eolica-villonaco","status":"publish","type":"post","link":"https:\/\/www.celec.gob.ec\/gensur\/noticias\/convocatoria-concurso-de-meritos-y-oposicion-para-jefe-de-la-central-eolica-villonaco\/","title":{"rendered":"CONVOCATORIA: CONCURSO DE M\u00c9RITOS Y OPOSICI\u00d3N PARA JEFE DE LA CENTRAL E\u00d3LICA VILLONACO"},"content":{"rendered":"\n<figure class=\"wp-block-gallery has-nested-images columns-default is-cropped wp-block-gallery-1 is-layout-flex wp-block-gallery-is-layout-flex\">\n<figure class=\"wp-block-image size-large\"><img loading=\"lazy\" decoding=\"async\" width=\"997\" height=\"555\" data-id=\"1255\" src=\"https:\/\/www.celec.gob.ec\/gensur\/wp-content\/uploads\/2023\/09\/CONVOCATORIA_JEFE-DE-CEV.png\" alt=\"\" class=\"wp-image-1255\" srcset=\"https:\/\/www.celec.gob.ec\/gensur\/wp-content\/uploads\/2023\/09\/CONVOCATORIA_JEFE-DE-CEV.png 997w, https:\/\/www.celec.gob.ec\/gensur\/wp-content\/uploads\/2023\/09\/CONVOCATORIA_JEFE-DE-CEV-300x167.png 300w, https:\/\/www.celec.gob.ec\/gensur\/wp-content\/uploads\/2023\/09\/CONVOCATORIA_JEFE-DE-CEV-768x428.png 768w\" sizes=\"auto, (max-width: 997px) 100vw, 997px\" \/><\/figure>\n<\/figure>\n","protected":false},"excerpt":{"rendered":"","protected":false},"author":2,"featured_media":0,"comment_status":"open","ping_status":"open","sticky":false,"template":"","format":"standard","meta":{"_acf_changed":false,"_themeisle_gutenberg_block_has_review":false,"footnotes":""},"categories":[7],"tags":[],"class_list":["post-1254","post","type-post","status-publish","format-standard","hentry","category-noticias"],"acf":[],"_links":{"self":[{"href":"https:\/\/www.celec.gob.ec\/gensur\/wp-json\/wp\/v2\/posts\/1254","targetHints":{"allow":["GET"]}}],"collection":[{"href":"https:\/\/www.celec.gob.ec\/gensur\/wp-json\/wp\/v2\/posts"}],"about":[{"href":"https:\/\/www.celec.gob.ec\/gensur\/wp-json\/wp\/v2\/types\/post"}],"author":[{"embeddable":true,"href":"https:\/\/www.celec.gob.ec\/gensur\/wp-json\/wp\/v2\/users\/2"}],"replies":[{"embeddable":true,"href":"https:\/\/www.celec.gob.ec\/gensur\/wp-json\/wp\/v2\/comments?post=1254"}],"version-history":[{"count":1,"href":"https:\/\/www.celec.gob.ec\/gensur\/wp-json\/wp\/v2\/posts\/1254\/revisions"}],"predecessor-version":[{"id":1256,"href":"https:\/\/www.celec.gob.ec\/gensur\/wp-json\/wp\/v2\/posts\/1254\/revisions\/1256"}],"wp:attachment":[{"href":"https:\/\/www.celec.gob.ec\/gensur\/wp-json\/wp\/v2\/media?parent=1254"}],"wp:term":[{"taxonomy":"category","embeddable":true,"href":"https:\/\/www.celec.gob.ec\/gensur\/wp-json\/wp\/v2\/categories?post=1254"},{"taxonomy":"post_tag","embeddable":true,"href":"https:\/\/www.celec.gob.ec\/gensur\/wp-json\/wp\/v2\/tags?post=1254"}],"curies":[{"name":"wp","href":"https:\/\/api.w.org\/{rel}","templated":true}]}}