{"id":1401,"date":"2024-01-12T20:40:56","date_gmt":"2024-01-12T20:40:56","guid":{"rendered":"https:\/\/www.celec.gob.ec\/gensur\/?p=1401"},"modified":"2024-01-12T20:40:57","modified_gmt":"2024-01-12T20:40:57","slug":"el-gobierno-nacional-suspende-racionamientos-hasta-el-29-de-febrero","status":"publish","type":"post","link":"https:\/\/www.celec.gob.ec\/gensur\/noticias\/el-gobierno-nacional-suspende-racionamientos-hasta-el-29-de-febrero\/","title":{"rendered":"El Gobierno Nacional suspende racionamientos hasta el 29 de febrero"},"content":{"rendered":"\n<figure class=\"wp-block-gallery has-nested-images columns-default is-cropped wp-block-gallery-1 is-layout-flex wp-block-gallery-is-layout-flex\"><\/figure>\n\n\n\n<p>El Gobierno del presidente Daniel Noboa Az\u00edn suspende los racionamientos a escala nacional hasta el pr\u00f3ximo 29 de febrero. La decisi\u00f3n se da como resultado de las acciones implementadas para el manejo eficiente de los embalses de las centrales hidroel\u00e9ctricas, sumado a la presencia de precipitaciones durante las \u00faltimas semanas y a la campa\u00f1a de ahorro de energ\u00eda \u201cEcuador se ilumina con tu ahorro\u201d.<\/p>\n\n\n\n<p>Seg\u00fan datos del Operador Nacional de Electricidad (Cenace), en cuanto al Complejo Integral de Paute, los embalses de las centrales Mazar y Amaluza se encuentran en cotas cercanas a 2 143.2 metros sobre el nivel del mar (msnm) y 1 982.1 msnm respectivamente, lo que representa una energ\u00eda almacenada de 690 gigavatios-hora (GWh) aproximadamente.<\/p>\n\n\n\n<p>Esta favorable situaci\u00f3n se debe principalmente a las lluvias de las \u00faltimas semanas, lo cual ha permitido incrementar la participaci\u00f3n de la hidroelectricidad en el abastecimiento de la demanda; optimizando los despachos y disminuyendo dr\u00e1sticamente la importaci\u00f3n diaria de energ\u00eda desde el sistema colombiano y peruano, registrando valores menores a 5 GWh\/d\u00eda en enero.<\/p>\n\n\n\n<p>En este sentido, el despacho de energ\u00eda en este mes se ha compuesto de: 70% en generaci\u00f3n hidroel\u00e9ctrica y energ\u00eda renovable no convencional, 25% en generaci\u00f3n t\u00e9rmica (gas natural y combustibles l\u00edquidos) y 5%&nbsp;en&nbsp;importaci\u00f3n.<\/p>\n\n\n\n<p>Con el fin de asegurar y garantizar el suministro de energ\u00eda a los ecuatorianos, desde la segunda quincena de enero hasta marzo de 2024, se programan mantenimientos en varias centrales del parque generador; los cuales resultan fundamentales dada la operaci\u00f3n exhaustiva de los sistemas de generaci\u00f3n durante el per\u00edodo de estiaje.<\/p>\n\n\n\n<p>El Gobierno Nacional, a trav\u00e9s del Ministerio de Energ\u00eda y Minas, trabaja de forma incansable para asegurar a la ciudadan\u00eda un servicio el\u00e9ctrico continuo, confiable y seguro, que promueva el desarrollo econ\u00f3mico del pa\u00eds.<\/p>\n\n\n\n<p>\u00a1Trabajamos para construir El Nuevo Ecuador!<\/p>\n\n\n\n<figure class=\"wp-block-gallery has-nested-images columns-default is-cropped wp-block-gallery-2 is-layout-flex wp-block-gallery-is-layout-flex\">\n<figure class=\"wp-block-image size-large\"><img loading=\"lazy\" decoding=\"async\" width=\"1024\" height=\"1024\" data-id=\"1403\" src=\"https:\/\/www.celec.gob.ec\/gensur\/wp-content\/uploads\/2024\/01\/1-1-1024x1024.jpg\" alt=\"\" class=\"wp-image-1403\" srcset=\"https:\/\/www.celec.gob.ec\/gensur\/wp-content\/uploads\/2024\/01\/1-1-1024x1024.jpg 1024w, https:\/\/www.celec.gob.ec\/gensur\/wp-content\/uploads\/2024\/01\/1-1-300x300.jpg 300w, https:\/\/www.celec.gob.ec\/gensur\/wp-content\/uploads\/2024\/01\/1-1-150x150.jpg 150w, https:\/\/www.celec.gob.ec\/gensur\/wp-content\/uploads\/2024\/01\/1-1-768x768.jpg 768w, https:\/\/www.celec.gob.ec\/gensur\/wp-content\/uploads\/2024\/01\/1-1-1536x1536.jpg 1536w, https:\/\/www.celec.gob.ec\/gensur\/wp-content\/uploads\/2024\/01\/1-1.jpg 1600w\" sizes=\"auto, (max-width: 1024px) 100vw, 1024px\" \/><\/figure>\n<\/figure>\n\n\n\n<figure class=\"wp-block-gallery has-nested-images columns-default is-cropped wp-block-gallery-3 is-layout-flex wp-block-gallery-is-layout-flex\">\n<figure class=\"wp-block-image size-large\"><img loading=\"lazy\" decoding=\"async\" width=\"1024\" height=\"1024\" data-id=\"1404\" src=\"https:\/\/www.celec.gob.ec\/gensur\/wp-content\/uploads\/2024\/01\/2-1024x1024.jpg\" alt=\"\" class=\"wp-image-1404\" srcset=\"https:\/\/www.celec.gob.ec\/gensur\/wp-content\/uploads\/2024\/01\/2-1024x1024.jpg 1024w, https:\/\/www.celec.gob.ec\/gensur\/wp-content\/uploads\/2024\/01\/2-300x300.jpg 300w, https:\/\/www.celec.gob.ec\/gensur\/wp-content\/uploads\/2024\/01\/2-150x150.jpg 150w, https:\/\/www.celec.gob.ec\/gensur\/wp-content\/uploads\/2024\/01\/2-768x768.jpg 768w, https:\/\/www.celec.gob.ec\/gensur\/wp-content\/uploads\/2024\/01\/2-1536x1536.jpg 1536w, https:\/\/www.celec.gob.ec\/gensur\/wp-content\/uploads\/2024\/01\/2.jpg 1600w\" sizes=\"auto, (max-width: 1024px) 100vw, 1024px\" \/><\/figure>\n<\/figure>\n","protected":false},"excerpt":{"rendered":"<p>El Gobierno del presidente Daniel Noboa Az\u00edn suspende los racionamientos a escala nacional hasta el pr\u00f3ximo 29 de febrero. La decisi\u00f3n se da como resultado de las acciones implementadas para el manejo eficiente de los embalses de las centrales hidroel\u00e9ctricas, sumado a la presencia de precipitaciones durante las \u00faltimas semanas y a la campa\u00f1a de [&hellip;]<\/p>\n","protected":false},"author":2,"featured_media":0,"comment_status":"open","ping_status":"open","sticky":false,"template":"","format":"standard","meta":{"_acf_changed":false,"_themeisle_gutenberg_block_has_review":false,"footnotes":""},"categories":[7],"tags":[],"class_list":["post-1401","post","type-post","status-publish","format-standard","hentry","category-noticias"],"acf":[],"_links":{"self":[{"href":"https:\/\/www.celec.gob.ec\/gensur\/wp-json\/wp\/v2\/posts\/1401","targetHints":{"allow":["GET"]}}],"collection":[{"href":"https:\/\/www.celec.gob.ec\/gensur\/wp-json\/wp\/v2\/posts"}],"about":[{"href":"https:\/\/www.celec.gob.ec\/gensur\/wp-json\/wp\/v2\/types\/post"}],"author":[{"embeddable":true,"href":"https:\/\/www.celec.gob.ec\/gensur\/wp-json\/wp\/v2\/users\/2"}],"replies":[{"embeddable":true,"href":"https:\/\/www.celec.gob.ec\/gensur\/wp-json\/wp\/v2\/comments?post=1401"}],"version-history":[{"count":1,"href":"https:\/\/www.celec.gob.ec\/gensur\/wp-json\/wp\/v2\/posts\/1401\/revisions"}],"predecessor-version":[{"id":1405,"href":"https:\/\/www.celec.gob.ec\/gensur\/wp-json\/wp\/v2\/posts\/1401\/revisions\/1405"}],"wp:attachment":[{"href":"https:\/\/www.celec.gob.ec\/gensur\/wp-json\/wp\/v2\/media?parent=1401"}],"wp:term":[{"taxonomy":"category","embeddable":true,"href":"https:\/\/www.celec.gob.ec\/gensur\/wp-json\/wp\/v2\/categories?post=1401"},{"taxonomy":"post_tag","embeddable":true,"href":"https:\/\/www.celec.gob.ec\/gensur\/wp-json\/wp\/v2\/tags?post=1401"}],"curies":[{"name":"wp","href":"https:\/\/api.w.org\/{rel}","templated":true}]}}