{"id":1644,"date":"2025-05-22T20:39:28","date_gmt":"2025-05-22T20:39:28","guid":{"rendered":"https:\/\/www.celec.gob.ec\/gensur\/?p=1644"},"modified":"2025-05-22T20:39:29","modified_gmt":"2025-05-22T20:39:29","slug":"te-interesa-saber-como-generamos-energia","status":"publish","type":"post","link":"https:\/\/www.celec.gob.ec\/gensur\/noticias\/te-interesa-saber-como-generamos-energia\/","title":{"rendered":"\u00bfTe interesa saber c\u00f3mo generamos energ\u00eda?"},"content":{"rendered":"\n<p>CELEC EP GENSUR te invita a visitar nuestras centrales:<br>\ud83c\udf2c\ufe0f <strong>Villonaco<\/strong> (energ\u00eda e\u00f3lica)<br>\ud83d\udca7 <strong>Delsitanisagua<\/strong> (energ\u00eda hidroel\u00e9ctrica)<\/p>\n\n\n\n<p>Acomp\u00e1\u00f1anos a descubrir c\u00f3mo transformamos el viento y el agua en energ\u00eda para el pa\u00eds, mientras cuidamos el ambiente y trabajamos junto a las comunidades.<\/p>\n\n\n\n<p>\ud83d\udccc Conoce el proceso de visita guiada: <a class=\"\" href=\"https:\/\/acortar.link\/DO9V0D\">https:\/\/acortar.link\/DO9V0D<\/a><br>\ud83d\udcc5 Agenda tu visita aqu\u00ed: <a class=\"\" href=\"http:\/\/gob.ec\">http:\/\/gob.ec<\/a><\/p>\n\n\n\n<p><strong>\u00a1Te esperamos con los brazos abiertos y el coraz\u00f3n lleno de energ\u00eda!<\/strong> \u26a1\ud83c\udf3f<\/p>\n\n\n\n<figure class=\"wp-block-image size-large\"><img loading=\"lazy\" decoding=\"async\" width=\"765\" height=\"1024\" src=\"https:\/\/www.celec.gob.ec\/gensur\/wp-content\/uploads\/2025\/05\/WhatsApp-Image-2025-05-22-at-11.27.33-765x1024.jpeg\" alt=\"\" class=\"wp-image-1645\" srcset=\"https:\/\/www.celec.gob.ec\/gensur\/wp-content\/uploads\/2025\/05\/WhatsApp-Image-2025-05-22-at-11.27.33-765x1024.jpeg 765w, https:\/\/www.celec.gob.ec\/gensur\/wp-content\/uploads\/2025\/05\/WhatsApp-Image-2025-05-22-at-11.27.33-224x300.jpeg 224w, https:\/\/www.celec.gob.ec\/gensur\/wp-content\/uploads\/2025\/05\/WhatsApp-Image-2025-05-22-at-11.27.33-768x1028.jpeg 768w, https:\/\/www.celec.gob.ec\/gensur\/wp-content\/uploads\/2025\/05\/WhatsApp-Image-2025-05-22-at-11.27.33-1147x1536.jpeg 1147w, https:\/\/www.celec.gob.ec\/gensur\/wp-content\/uploads\/2025\/05\/WhatsApp-Image-2025-05-22-at-11.27.33.jpeg 1195w\" sizes=\"auto, (max-width: 765px) 100vw, 765px\" \/><\/figure>\n","protected":false},"excerpt":{"rendered":"<p>CELEC EP GENSUR te invita a visitar nuestras centrales:\ud83c\udf2c\ufe0f Villonaco (energ\u00eda e\u00f3lica)\ud83d\udca7 Delsitanisagua (energ\u00eda hidroel\u00e9ctrica) Acomp\u00e1\u00f1anos a descubrir c\u00f3mo transformamos el viento y el agua en energ\u00eda para el pa\u00eds, mientras cuidamos el ambiente y trabajamos junto a las comunidades. \ud83d\udccc Conoce el proceso de visita guiada: https:\/\/acortar.link\/DO9V0D\ud83d\udcc5 Agenda tu visita aqu\u00ed: http:\/\/gob.ec \u00a1Te esperamos [&hellip;]<\/p>\n","protected":false},"author":6,"featured_media":0,"comment_status":"open","ping_status":"open","sticky":false,"template":"","format":"standard","meta":{"_acf_changed":false,"_themeisle_gutenberg_block_has_review":false,"footnotes":""},"categories":[7],"tags":[],"class_list":["post-1644","post","type-post","status-publish","format-standard","hentry","category-noticias"],"acf":[],"_links":{"self":[{"href":"https:\/\/www.celec.gob.ec\/gensur\/wp-json\/wp\/v2\/posts\/1644","targetHints":{"allow":["GET"]}}],"collection":[{"href":"https:\/\/www.celec.gob.ec\/gensur\/wp-json\/wp\/v2\/posts"}],"about":[{"href":"https:\/\/www.celec.gob.ec\/gensur\/wp-json\/wp\/v2\/types\/post"}],"author":[{"embeddable":true,"href":"https:\/\/www.celec.gob.ec\/gensur\/wp-json\/wp\/v2\/users\/6"}],"replies":[{"embeddable":true,"href":"https:\/\/www.celec.gob.ec\/gensur\/wp-json\/wp\/v2\/comments?post=1644"}],"version-history":[{"count":1,"href":"https:\/\/www.celec.gob.ec\/gensur\/wp-json\/wp\/v2\/posts\/1644\/revisions"}],"predecessor-version":[{"id":1646,"href":"https:\/\/www.celec.gob.ec\/gensur\/wp-json\/wp\/v2\/posts\/1644\/revisions\/1646"}],"wp:attachment":[{"href":"https:\/\/www.celec.gob.ec\/gensur\/wp-json\/wp\/v2\/media?parent=1644"}],"wp:term":[{"taxonomy":"category","embeddable":true,"href":"https:\/\/www.celec.gob.ec\/gensur\/wp-json\/wp\/v2\/categories?post=1644"},{"taxonomy":"post_tag","embeddable":true,"href":"https:\/\/www.celec.gob.ec\/gensur\/wp-json\/wp\/v2\/tags?post=1644"}],"curies":[{"name":"wp","href":"https:\/\/api.w.org\/{rel}","templated":true}]}}