{"id":1686,"date":"2025-09-09T18:14:43","date_gmt":"2025-09-09T18:14:43","guid":{"rendered":"https:\/\/www.celec.gob.ec\/gensur\/?p=1686"},"modified":"2025-09-09T18:14:43","modified_gmt":"2025-09-09T18:14:43","slug":"convocatoria-especialista-de-ingenieria-de-la-produccion-electrico-generacion-hidraulica-especialista-tecnico-3","status":"publish","type":"post","link":"https:\/\/www.celec.gob.ec\/gensur\/uncategorized\/convocatoria-especialista-de-ingenieria-de-la-produccion-electrico-generacion-hidraulica-especialista-tecnico-3\/","title":{"rendered":"CONVOCATORIA: Especialista de Ingenier\u00eda de la Producci\u00f3n El\u00e9ctrico Generaci\u00f3n Hidr\u00e1ulica \/ Especialista T\u00e9cnico 3"},"content":{"rendered":"\n<figure class=\"wp-block-image size-large\"><img loading=\"lazy\" decoding=\"async\" width=\"1024\" height=\"653\" src=\"https:\/\/www.celec.gob.ec\/gensur\/wp-content\/uploads\/2025\/09\/1-1024x653.png\" alt=\"\" class=\"wp-image-1687\" srcset=\"https:\/\/www.celec.gob.ec\/gensur\/wp-content\/uploads\/2025\/09\/1-1024x653.png 1024w, https:\/\/www.celec.gob.ec\/gensur\/wp-content\/uploads\/2025\/09\/1-300x191.png 300w, https:\/\/www.celec.gob.ec\/gensur\/wp-content\/uploads\/2025\/09\/1-768x490.png 768w, https:\/\/www.celec.gob.ec\/gensur\/wp-content\/uploads\/2025\/09\/1.png 1160w\" sizes=\"auto, (max-width: 1024px) 100vw, 1024px\" \/><\/figure>\n","protected":false},"excerpt":{"rendered":"","protected":false},"author":6,"featured_media":0,"comment_status":"open","ping_status":"open","sticky":false,"template":"","format":"standard","meta":{"_acf_changed":false,"_themeisle_gutenberg_block_has_review":false,"footnotes":""},"categories":[1],"tags":[],"class_list":["post-1686","post","type-post","status-publish","format-standard","hentry","category-uncategorized"],"acf":[],"_links":{"self":[{"href":"https:\/\/www.celec.gob.ec\/gensur\/wp-json\/wp\/v2\/posts\/1686","targetHints":{"allow":["GET"]}}],"collection":[{"href":"https:\/\/www.celec.gob.ec\/gensur\/wp-json\/wp\/v2\/posts"}],"about":[{"href":"https:\/\/www.celec.gob.ec\/gensur\/wp-json\/wp\/v2\/types\/post"}],"author":[{"embeddable":true,"href":"https:\/\/www.celec.gob.ec\/gensur\/wp-json\/wp\/v2\/users\/6"}],"replies":[{"embeddable":true,"href":"https:\/\/www.celec.gob.ec\/gensur\/wp-json\/wp\/v2\/comments?post=1686"}],"version-history":[{"count":1,"href":"https:\/\/www.celec.gob.ec\/gensur\/wp-json\/wp\/v2\/posts\/1686\/revisions"}],"predecessor-version":[{"id":1688,"href":"https:\/\/www.celec.gob.ec\/gensur\/wp-json\/wp\/v2\/posts\/1686\/revisions\/1688"}],"wp:attachment":[{"href":"https:\/\/www.celec.gob.ec\/gensur\/wp-json\/wp\/v2\/media?parent=1686"}],"wp:term":[{"taxonomy":"category","embeddable":true,"href":"https:\/\/www.celec.gob.ec\/gensur\/wp-json\/wp\/v2\/categories?post=1686"},{"taxonomy":"post_tag","embeddable":true,"href":"https:\/\/www.celec.gob.ec\/gensur\/wp-json\/wp\/v2\/tags?post=1686"}],"curies":[{"name":"wp","href":"https:\/\/api.w.org\/{rel}","templated":true}]}}