{"id":562,"date":"2021-09-29T17:45:37","date_gmt":"2021-09-29T17:45:37","guid":{"rendered":"https:\/\/www.celec.gob.ec\/gensur\/?p=704"},"modified":"2021-09-29T17:45:37","modified_gmt":"2021-09-29T17:45:37","slug":"celec-ep-termomanabi-realiza-trabajos-de-mantenimiento-por-36-000-horas-de-operacion-en-la-central-termica-jaramijo","status":"publish","type":"post","link":"https:\/\/www.celec.gob.ec\/gensur\/noticias\/celec-ep-termomanabi-realiza-trabajos-de-mantenimiento-por-36-000-horas-de-operacion-en-la-central-termica-jaramijo\/","title":{"rendered":"CELEC EP Termomanab\u00ed realiza trabajos de mantenimiento por 36 000 horas de operaci\u00f3n en la Central T\u00e9rmica Jaramij\u00f3"},"content":{"rendered":"<div>\n<p><img decoding=\"async\" src=\"https:\/\/www.celec.gob.ec\/images\/mantenimeinto_jatramij_7-2021.jpg\" alt=\"\" \/><\/p>\n<p>Trabajos mec\u00e1nicos en casa de m\u00e1quinas<\/p>\n<p>La Central T\u00e9rmica Jaramij\u00f3 cuenta con 18 unidades de generaci\u00f3n, \u00fanicas en el Ecuador, las maniobras a nivel mec\u00e1nico y el\u00e9ctrico por las 36 000 horas de operaci\u00f3n, iniciaron en el mes de junio, estos trabajos forman parte del plan de mantenimiento anual preventivo, se tiene previsto culminarlos en el mes de agosto.&nbsp;<\/p>\n<p>Rolando Pico, supervisor, explica que \u201clas piezas de los motores, por el tiempo de operaci\u00f3n de las unidades, tienen desgastes, por lo que es importante seguir las rutinas de mantenimiento que recomienda el fabricante. De esa forma se asegura su funcionalidad, disponibilidad, confiabilidad y desempe\u00f1o\u201d.<\/p>\n<p>Los trabajos son realizados por representantes de la marca HYUNDAI, quienes con el conocimiento y la experticia del fabricante de los equipos, conocen la ingenier\u00eda de los motores. Adem\u00e1s, cuentan con el canal de soporte, garantizando su funcionalidad, conforme a los par\u00e1metros de dise\u00f1o de f\u00e1brica. A la par, el personal de CELEC EP&nbsp; realiza actividades en equipos auxiliares.<\/p>\n<p>De esta manera CELEC EP Termomanab\u00ed da muestra de su compromiso de garantizar la generaci\u00f3n de energ\u00eda el\u00e9ctrica con altos est\u00e1ndares de calidad.<\/p>\n<p>Fecha de publicaci\u00f3n: 30 de julio de 2021.<\/p>\n<\/div>\n","protected":false},"excerpt":{"rendered":"<p>Trabajos mec\u00e1nicos en casa de m\u00e1quinas La Central T\u00e9rmica Jaramij\u00f3 cuenta con 18 unidades de generaci\u00f3n, \u00fanicas en el Ecuador, las maniobras a nivel mec\u00e1nico y el\u00e9ctrico por las 36 000 horas de operaci\u00f3n, iniciaron en el mes de junio, estos trabajos forman parte del plan de mantenimiento anual preventivo, se tiene previsto culminarlos en [&hellip;]<\/p>\n","protected":false},"author":1,"featured_media":0,"comment_status":"open","ping_status":"open","sticky":false,"template":"","format":"standard","meta":{"_acf_changed":false,"_themeisle_gutenberg_block_has_review":false,"footnotes":""},"categories":[7],"tags":[],"class_list":["post-562","post","type-post","status-publish","format-standard","hentry","category-noticias"],"acf":[],"_links":{"self":[{"href":"https:\/\/www.celec.gob.ec\/gensur\/wp-json\/wp\/v2\/posts\/562","targetHints":{"allow":["GET"]}}],"collection":[{"href":"https:\/\/www.celec.gob.ec\/gensur\/wp-json\/wp\/v2\/posts"}],"about":[{"href":"https:\/\/www.celec.gob.ec\/gensur\/wp-json\/wp\/v2\/types\/post"}],"author":[{"embeddable":true,"href":"https:\/\/www.celec.gob.ec\/gensur\/wp-json\/wp\/v2\/users\/1"}],"replies":[{"embeddable":true,"href":"https:\/\/www.celec.gob.ec\/gensur\/wp-json\/wp\/v2\/comments?post=562"}],"version-history":[{"count":0,"href":"https:\/\/www.celec.gob.ec\/gensur\/wp-json\/wp\/v2\/posts\/562\/revisions"}],"wp:attachment":[{"href":"https:\/\/www.celec.gob.ec\/gensur\/wp-json\/wp\/v2\/media?parent=562"}],"wp:term":[{"taxonomy":"category","embeddable":true,"href":"https:\/\/www.celec.gob.ec\/gensur\/wp-json\/wp\/v2\/categories?post=562"},{"taxonomy":"post_tag","embeddable":true,"href":"https:\/\/www.celec.gob.ec\/gensur\/wp-json\/wp\/v2\/tags?post=562"}],"curies":[{"name":"wp","href":"https:\/\/api.w.org\/{rel}","templated":true}]}}