{"id":605,"date":"2021-04-19T22:01:36","date_gmt":"2021-04-19T22:01:36","guid":{"rendered":"https:\/\/www.celec.gob.ec\/gensur\/?p=660"},"modified":"2021-04-19T22:01:36","modified_gmt":"2021-04-19T22:01:36","slug":"a-los-42-anos-se-cambia-la-estructura-de-la-torre-de-enfriamiento-de-la-central-termica-esmeraldas-i","status":"publish","type":"post","link":"https:\/\/www.celec.gob.ec\/gensur\/noticias\/a-los-42-anos-se-cambia-la-estructura-de-la-torre-de-enfriamiento-de-la-central-termica-esmeraldas-i\/","title":{"rendered":"A los 42 a\u00f1os se cambia la estructura de la torre de enfriamiento de la Central T\u00e9rmica Esmeraldas I"},"content":{"rendered":"<div>\n<p><img decoding=\"async\" src=\"https:\/\/www.celec.gob.ec\/images\/TorreEnfriamiento.jpg\" alt=\"\" \/><\/p>\n<p><strong><em>La estructura de madera de la torre de enfriamento ser\u00e1 remplaza por una de metal galvanizado.<\/em><\/strong><\/p>\n<p>El plan de recuperaci\u00f3n del parque t\u00e9rmico de la Corporaci\u00f3n Electrica del Ecuador (CELEC EP),&nbsp; incluye a la Central t\u00e9rmica Esmeraldas I, en la que se efect\u00faa la instalaci\u00f3n de componentes del caldero y la construcci\u00f3n de una nueva torre de enfriamiento, &nbsp;suministros y repuestos.<\/p>\n<p>La obra&nbsp; tienen un plazo de ejecuci\u00f3n de 176 d\u00edas, contados a partir del 5 de abril del presente 2021. Los trabajos se iniciaron con el desmantelamiento de la estructura civil mixta, constituida por una celos\u00eda especial de madera tratada, en su parte superior; y un reservorio de hormig\u00f3n armado, en su parte inferior. La torre de enfriamiento a reemplazarse tiene una dimensi\u00f3n de 60,00 x 18,00 y 14,00 m. de altura.<\/p>\n<p>Jos\u00e9 Guam\u00e1n, gerente de la Unidad de Negocio Termoesmeraldas, explic\u00f3 que la madera &nbsp;de la vieja torre de enfriamiento, est\u00e1 impregnada de componentes qu\u00edmicos (veneno), lo que impide que sea utilizada en otros menesteres o regalada a la poblaci\u00f3n. Por ello, se exig\u00edo al contratista emplear un agente, con licencia ambiental, par que sea el responsable de retirar la madera en camiones cerrados y dar su disposici\u00f3n final, para evitar riesgos de contaminaci\u00f3n.<\/p>\n<p><strong>Nueva estructura met\u00e1lica galvanizada<\/strong><\/p>\n<p>La nueva torre de enfriamiento, que permitir\u00e1 a la Central T\u00e9rmica Esmeraldas I recuperar su potencia nominal de 125 MW, estar\u00e1&nbsp; constituida de una estructura met\u00e1lica galvanizada en caliente ASTM A-36, filtros tipo paquete de relleno, compuesto de matrerial termoformado de l\u00e1minas PVC.<\/p>\n<p>La funci\u00f3n de la torre de enfriamiento es eliminar el calor del agua que llega desde el condensador, mediante la acci\u00f3n de seis ventiladores con aspas de 6 m. de di\u00e1metro, agua que es devuelta al condensador en una operaci\u00f3n de circuito cerrado.<\/p>\n<p>El cambio de esta estructura ocurre a los 42 a\u00f1os de operaci\u00f3n de la Central T\u00e9rmica Esmeraldas I, cuya construcci\u00f3n inici\u00f3 en 1978, y la entrega de energ\u00eda el\u00e9ctrica al pa\u00eds a partir del 2 de agosto de 1982.<\/p>\n<p>Fecha de publicaci\u00f3n: 19 de abril de 2021.<\/p>\n<\/div>\n","protected":false},"excerpt":{"rendered":"<p>La estructura de madera de la torre de enfriamento ser\u00e1 remplaza por una de metal galvanizado. El plan de recuperaci\u00f3n del parque t\u00e9rmico de la Corporaci\u00f3n Electrica del Ecuador (CELEC EP),&nbsp; incluye a la Central t\u00e9rmica Esmeraldas I, en la que se efect\u00faa la instalaci\u00f3n de componentes del caldero y la construcci\u00f3n de una nueva [&hellip;]<\/p>\n","protected":false},"author":1,"featured_media":0,"comment_status":"open","ping_status":"open","sticky":false,"template":"","format":"standard","meta":{"_acf_changed":false,"_themeisle_gutenberg_block_has_review":false,"footnotes":""},"categories":[7],"tags":[],"class_list":["post-605","post","type-post","status-publish","format-standard","hentry","category-noticias"],"acf":[],"_links":{"self":[{"href":"https:\/\/www.celec.gob.ec\/gensur\/wp-json\/wp\/v2\/posts\/605","targetHints":{"allow":["GET"]}}],"collection":[{"href":"https:\/\/www.celec.gob.ec\/gensur\/wp-json\/wp\/v2\/posts"}],"about":[{"href":"https:\/\/www.celec.gob.ec\/gensur\/wp-json\/wp\/v2\/types\/post"}],"author":[{"embeddable":true,"href":"https:\/\/www.celec.gob.ec\/gensur\/wp-json\/wp\/v2\/users\/1"}],"replies":[{"embeddable":true,"href":"https:\/\/www.celec.gob.ec\/gensur\/wp-json\/wp\/v2\/comments?post=605"}],"version-history":[{"count":0,"href":"https:\/\/www.celec.gob.ec\/gensur\/wp-json\/wp\/v2\/posts\/605\/revisions"}],"wp:attachment":[{"href":"https:\/\/www.celec.gob.ec\/gensur\/wp-json\/wp\/v2\/media?parent=605"}],"wp:term":[{"taxonomy":"category","embeddable":true,"href":"https:\/\/www.celec.gob.ec\/gensur\/wp-json\/wp\/v2\/categories?post=605"},{"taxonomy":"post_tag","embeddable":true,"href":"https:\/\/www.celec.gob.ec\/gensur\/wp-json\/wp\/v2\/tags?post=605"}],"curies":[{"name":"wp","href":"https:\/\/api.w.org\/{rel}","templated":true}]}}