{"id":813,"date":"2020-06-11T22:28:41","date_gmt":"2020-06-11T22:28:41","guid":{"rendered":"https:\/\/www.celec.gob.ec\/gensur\/?p=447"},"modified":"2020-06-11T22:28:41","modified_gmt":"2020-06-11T22:28:41","slug":"durante-la-crisis-sanitaria-se-mejoraron-los-indices-de-gestion-de-celec-ep","status":"publish","type":"post","link":"https:\/\/www.celec.gob.ec\/gensur\/noticias\/durante-la-crisis-sanitaria-se-mejoraron-los-indices-de-gestion-de-celec-ep\/","title":{"rendered":"Durante la crisis sanitaria se mejoraron los \u00edndices de gesti\u00f3n de CELEC EP"},"content":{"rendered":"<div>\n<p>El cumplimiento de los programas de mantenimiento preventivo y una adecuada gesti\u00f3n de sus recursos permitieron que el Gobierno Nacional, a trav\u00e9s de la Corporaci\u00f3n El\u00e9ctrica del Ecuador \u2013 CELEC EP asegure el suministro de energ\u00eda el\u00e9ctrica y mejore sus \u00edndices de disponibilidad y confiabilidad del servicio de generaci\u00f3n y transmisi\u00f3n, durante la crisis sanitaria provocada por la pandemia de Covid-19.<\/p>\n<p>Las condiciones hidrol\u00f3gicas favorables (alta disponibilidad de lluvias en la cuenca amaz\u00f3nica), as\u00ed como la alta disponibilidad de centrales hidr\u00e1ulicas operadas por CELEC EP, permitieron que el 92% de su energ\u00eda sea renovable y el 8% de origen t\u00e9rmico. Esto implica que el pa\u00eds se genere y consuma energ\u00eda limpia y renovable, as\u00ed tambi\u00e9n que se disminuyan los gastos por concepto de compra de combustibles f\u00f3siles para generaci\u00f3n el\u00e9ctrica.<\/p>\n<p>Durante abril, la potencia disponible para el d\u00eda de m\u00e1xima demanda fue de 4 331 MW (megavatios), mientras que la demanda m\u00e1xima nacional fue 3 799 MW, lo que signific\u00f3 que la potencia disponible sea superior a la demanda.<\/p>\n<p>Durante la crisis sanitaria tambi\u00e9n se increment\u00f3 a un 87,69 % la disponibilidad (capacidad de proporcionar energ\u00eda el\u00e9ctrica) de las centrales operadas por la Corporaci\u00f3n El\u00e9ctrica del Ecuador, mientras que su confiabilidad se increment\u00f3 a un 92,64%.<\/p>\n<p>Ello fue posible porque, a pesar de las restricciones por la crisis sanitaria a causa de la pandemia, se cumplieron con los programas de mantenimiento programado de las centrales de generaci\u00f3n y sistemas de transmisi\u00f3n. Para el desarrollo de estas actividades se aplicaron estrictas medidas de bioseguridad en las centrales, talleres y campamentos disponibles.<br \/>Debido a la disminuci\u00f3n de las actividades econ\u00f3micas y productivas a escala nacional por la pandemia, el consumo de energ\u00eda el\u00e9ctrica entre marzo y abril de este a\u00f1o se redujo en un 20%, en especial en los sectores industrial y comercial.<\/p>\n<p>Con el fin de incrementar la capacidad de exportaci\u00f3n de energ\u00eda el\u00e9ctrica a Colombia, el Gobierno Nacional, a trav\u00e9s de CELEC EP &#8211; Transelectric realiz\u00f3 las adecuaciones t\u00e9cnicas necesarias para incrementar los l\u00edmites de potencia exportable a ese pa\u00eds, de 300 MW a 460 MW, y as\u00ed aprovechar al m\u00e1ximo los recursos de generaci\u00f3n hidroel\u00e9ctrica que actualmente dispone el pa\u00eds.<\/p>\n<p>Este trabajo involucr\u00f3 a entidades del sector el\u00e9ctrico, como son el Ministerio de Energ\u00eda y Recursos Naturales No Renovables (MERNNR), CELEC EP y el Operador Nacional de Electricidad (CENACE), entidad que fue responsable de los an\u00e1lisis y estudios.<\/p>\n<p><strong>Fecha de publicaci\u00f3n:<\/strong> 6 de junio de 2020.<\/p>\n<\/div>\n","protected":false},"excerpt":{"rendered":"<p>El cumplimiento de los programas de mantenimiento preventivo y una adecuada gesti\u00f3n de sus recursos permitieron que el Gobierno Nacional, a trav\u00e9s de la Corporaci\u00f3n El\u00e9ctrica del Ecuador \u2013 CELEC EP asegure el suministro de energ\u00eda el\u00e9ctrica y mejore sus \u00edndices de disponibilidad y confiabilidad del servicio de generaci\u00f3n y transmisi\u00f3n, durante la crisis sanitaria [&hellip;]<\/p>\n","protected":false},"author":1,"featured_media":0,"comment_status":"open","ping_status":"open","sticky":false,"template":"","format":"standard","meta":{"_acf_changed":false,"_themeisle_gutenberg_block_has_review":false,"footnotes":""},"categories":[7],"tags":[],"class_list":["post-813","post","type-post","status-publish","format-standard","hentry","category-noticias"],"acf":[],"_links":{"self":[{"href":"https:\/\/www.celec.gob.ec\/gensur\/wp-json\/wp\/v2\/posts\/813","targetHints":{"allow":["GET"]}}],"collection":[{"href":"https:\/\/www.celec.gob.ec\/gensur\/wp-json\/wp\/v2\/posts"}],"about":[{"href":"https:\/\/www.celec.gob.ec\/gensur\/wp-json\/wp\/v2\/types\/post"}],"author":[{"embeddable":true,"href":"https:\/\/www.celec.gob.ec\/gensur\/wp-json\/wp\/v2\/users\/1"}],"replies":[{"embeddable":true,"href":"https:\/\/www.celec.gob.ec\/gensur\/wp-json\/wp\/v2\/comments?post=813"}],"version-history":[{"count":0,"href":"https:\/\/www.celec.gob.ec\/gensur\/wp-json\/wp\/v2\/posts\/813\/revisions"}],"wp:attachment":[{"href":"https:\/\/www.celec.gob.ec\/gensur\/wp-json\/wp\/v2\/media?parent=813"}],"wp:term":[{"taxonomy":"category","embeddable":true,"href":"https:\/\/www.celec.gob.ec\/gensur\/wp-json\/wp\/v2\/categories?post=813"},{"taxonomy":"post_tag","embeddable":true,"href":"https:\/\/www.celec.gob.ec\/gensur\/wp-json\/wp\/v2\/tags?post=813"}],"curies":[{"name":"wp","href":"https:\/\/api.w.org\/{rel}","templated":true}]}}