{"id":1162,"date":"2021-06-24T20:34:00","date_gmt":"2021-06-24T20:34:00","guid":{"rendered":"https:\/\/www.celec.gob.ec\/hidroagoyan\/?p=1477"},"modified":"2021-06-24T20:34:00","modified_gmt":"2021-06-24T20:34:00","slug":"celec-ep-presenta-soluciones-para-fortalecer-el-sistema-electrico-de-morona-santiago","status":"publish","type":"post","link":"https:\/\/www.celec.gob.ec\/hidroagoyan\/noticias-noticias\/celec-ep-presenta-soluciones-para-fortalecer-el-sistema-electrico-de-morona-santiago\/","title":{"rendered":"CELEC EP presenta soluciones para fortalecer el sistema el\u00e9ctrico de Morona Santiago"},"content":{"rendered":"<p style=\"margin: 0px 0px 15px; color: #2f2f2f; font-family: 'Roboto Condensed'; font-size: 14px;\"><img loading=\"lazy\" decoding=\"async\" class=\" size-full wp-image-1476\" style=\"border: 0px; box-sizing: border-box; max-width: 100%; height: auto; vertical-align: middle;\" src=\"https:\/\/www.celec.gob.ec\/hidroagoyan\/wp-content\/uploads\/2021\/06\/RuedaDePrensa6-21.jpg\" alt=\"\" width=\"1280\" height=\"853\" \/><\/p>\n<p style=\"margin: 15px 0px; color: #2f2f2f; font-family: 'Roboto Condensed'; font-size: 14px; text-align: justify;\"><em style=\"color: #719bb0;\">La rueda de prensa se desarroll\u00f3 este martes 22 de junio,\u00a0 en las instalaciones del ECU 911, del cant\u00f3n Morona.<\/em><\/p>\n<p style=\"margin: 15px 0px; color: #2f2f2f; font-family: 'Roboto Condensed'; font-size: 14px; text-align: justify;\">La Corporaci\u00f3n El\u00e9ctrica del Ecuador (CELEC EP), en coordinaci\u00f3n con el Viceministerio de Electricidad del Ministerio de Energ\u00eda y Recursos Naturales No Renovables, trabaja en un plan de acci\u00f3n integral para garantizar el servicio de transmisi\u00f3n de energ\u00eda el\u00e9ctrica para la provincia de Morona Santiago.<\/p>\n<p><!--more--><\/p>\n<p style=\"margin: 15px 0px; color: #2f2f2f; font-family: 'Roboto Condensed'; font-size: 14px; text-align: justify;\">El anuncio lo hizo Ra\u00fal Canelos, gerente de la Unidad de Negocio CELEC EP Transelectric, durante una rueda de prensa, en las instalaciones del ECU 911, del cant\u00f3n Morona, en la que detall\u00f3 que el plan contempla soluciones en el corto, mediano y largo plazo; ser\u00e1 ejecutado en conjunto por las Unidades de Negocio de Transelectric y Termopichincha para garantizar suministro de energ\u00eda el\u00e9ctrica y fortalecer\u00a0 el sistema el\u00e9ctrico en esta provincia amaz\u00f3nica.\u00a0<\/p>\n<p style=\"margin: 15px 0px; color: #2f2f2f; font-family: 'Roboto Condensed'; font-size: 14px; text-align: justify;\">A corto plazo, en las pr\u00f3ximas semanas se incorporar\u00e1 un operador permanente en la central t\u00e9rmica de la Unidad de Negocio Termopichincha,\u00a0 lo que permitir\u00e1 resolver de forma inmediata alg\u00fan caso de emergencia, activando los grupos de generaci\u00f3n.<\/p>\n<p style=\"margin: 15px 0px; color: #2f2f2f; font-family: 'Roboto Condensed'; font-size: 14px; text-align: justify;\">En el mediano plazo CELEC EP Termopichincha adquirir\u00e1 dos\u00a0 generadores de 1.2 megavatios cada uno, para remplazar a los actuales, Estos equipos tendr\u00e1n un sistema moderno de arranque y actuar\u00e1n en el menor tiempo posible para permitir el normal abastecimiento de energ\u00eda, esta soluci\u00f3n estar\u00eda disponible en un per\u00edodo estimado de 6 meses.<\/p>\n<p style=\"margin: 15px 0px; color: #2f2f2f; font-family: 'Roboto Condensed'; font-size: 14px; text-align: justify;\">La propuesta de largo plazo, que permitir\u00e1 mejorar de manera definitiva la confiabilidad del servicio de energ\u00eda en la provincia, es la construcci\u00f3n de una nueva subestaci\u00f3n, con las respectivas l\u00edneas de transmisi\u00f3n.<\/p>\n<p style=\"margin: 15px 0px; color: #2f2f2f; font-family: 'Roboto Condensed'; font-size: 14px; text-align: justify;\">Al referirse a la suspensi\u00f3n del servicio el\u00e9ctrico, que se registr\u00f3 el pasado viernes 18 de junio, Canelos coment\u00f3 que se origin\u00f3 a causa de unos trabajos para remplazo del cable de guarda por fibra \u00f3ptica OPGW en la l\u00ednea de transmisi\u00f3n Cuenca \u2013 Gualaceo, a 138 mil voltios, lo que provoc\u00f3 la desconexi\u00f3n del servicio el\u00e9ctrico. Los trabajos se ejecutan para mejorar el servicio de telecomunicaciones en la zona suroriental, que incluye las provincias de Azuay, Ca\u00f1ar, Morona Santiago y Zamora Chinchipe.<\/p>\n<p style=\"margin: 15px 0px; color: #2f2f2f; font-family: 'Roboto Condensed'; font-size: 14px; text-align: justify;\">En la rueda de prensa, que se desarroll\u00f3 en las instalaciones del ECU 911 del cant\u00f3n Morona, tambi\u00e9n intervino Freddy Villamagua, gobernador de la Provincia; Benito Cabrera, delegado del Municipio de Morona; Francisco Carrasco, presidente de la Empresa Distribuidora Centro Sur, y los equipos t\u00e9cnicos de las Unidades de Negocio de Transelectric y Termopichincha.<\/p>\n<p style=\"margin: 15px 0px; color: #2f2f2f; font-family: 'Roboto Condensed'; font-size: 14px; text-align: justify;\">De esta manera, el Gobierno del Encuentro, a trav\u00e9s del Ministerio de Energ\u00eda y Recursos Naturales No Renovables y la Corporaci\u00f3n El\u00e9ctrica del Ecuador, \u00a0ratifica su compromiso de mejorar la calidad y confiabilidad de transmisi\u00f3n de energ\u00eda el\u00e9ctrica para la provincia de Morona Santiago y todo el pa\u00eds.<\/p>\n<p style=\"margin: 15px 0px; color: #2f2f2f; font-family: 'Roboto Condensed'; font-size: 14px; text-align: justify;\">Fecha de publicaci\u00f3n: 22 de junio de 2021.<\/p>\n","protected":false},"excerpt":{"rendered":"<p>La rueda de prensa se desarroll\u00f3 este martes 22 de junio,\u00a0 en las instalaciones del ECU 911, del cant\u00f3n Morona. La Corporaci\u00f3n El\u00e9ctrica del Ecuador (CELEC EP), en coordinaci\u00f3n con el Viceministerio de Electricidad del Ministerio de Energ\u00eda y Recursos Naturales No Renovables, trabaja en un plan de acci\u00f3n integral para garantizar el servicio de [&hellip;]<\/p>\n","protected":false},"author":1,"featured_media":1163,"comment_status":"open","ping_status":"open","sticky":false,"template":"","format":"standard","meta":{"_acf_changed":false,"_themeisle_gutenberg_block_has_review":false,"footnotes":""},"categories":[7],"tags":[],"class_list":["post-1162","post","type-post","status-publish","format-standard","has-post-thumbnail","hentry","category-noticias-noticias"],"acf":[],"publishpress_future_action":{"enabled":false,"date":"2026-05-07 12:32:04","action":"change-status","newStatus":"draft","terms":[],"taxonomy":"category","extraData":[]},"publishpress_future_workflow_manual_trigger":{"enabledWorkflows":[]},"_links":{"self":[{"href":"https:\/\/www.celec.gob.ec\/hidroagoyan\/wp-json\/wp\/v2\/posts\/1162","targetHints":{"allow":["GET"]}}],"collection":[{"href":"https:\/\/www.celec.gob.ec\/hidroagoyan\/wp-json\/wp\/v2\/posts"}],"about":[{"href":"https:\/\/www.celec.gob.ec\/hidroagoyan\/wp-json\/wp\/v2\/types\/post"}],"author":[{"embeddable":true,"href":"https:\/\/www.celec.gob.ec\/hidroagoyan\/wp-json\/wp\/v2\/users\/1"}],"replies":[{"embeddable":true,"href":"https:\/\/www.celec.gob.ec\/hidroagoyan\/wp-json\/wp\/v2\/comments?post=1162"}],"version-history":[{"count":0,"href":"https:\/\/www.celec.gob.ec\/hidroagoyan\/wp-json\/wp\/v2\/posts\/1162\/revisions"}],"wp:featuredmedia":[{"embeddable":true,"href":"https:\/\/www.celec.gob.ec\/hidroagoyan\/wp-json\/wp\/v2\/media\/1163"}],"wp:attachment":[{"href":"https:\/\/www.celec.gob.ec\/hidroagoyan\/wp-json\/wp\/v2\/media?parent=1162"}],"wp:term":[{"taxonomy":"category","embeddable":true,"href":"https:\/\/www.celec.gob.ec\/hidroagoyan\/wp-json\/wp\/v2\/categories?post=1162"},{"taxonomy":"post_tag","embeddable":true,"href":"https:\/\/www.celec.gob.ec\/hidroagoyan\/wp-json\/wp\/v2\/tags?post=1162"}],"curies":[{"name":"wp","href":"https:\/\/api.w.org\/{rel}","templated":true}]}}