{"id":2367,"date":"2019-05-31T12:48:55","date_gmt":"2019-05-31T12:48:55","guid":{"rendered":"https:\/\/www.celec.gob.ec\/hidroagoyan\/?p=405"},"modified":"2019-05-31T12:48:55","modified_gmt":"2019-05-31T12:48:55","slug":"personal-de-celec-ep-termopichincha-apoya-la-jornada-de-reforestacion-y-recuperacion-de-suelo-en-el-volcan-ilalo","status":"publish","type":"post","link":"https:\/\/www.celec.gob.ec\/hidroagoyan\/noticias-noticias\/personal-de-celec-ep-termopichincha-apoya-la-jornada-de-reforestacion-y-recuperacion-de-suelo-en-el-volcan-ilalo\/","title":{"rendered":"Personal de CELEC EP Termopichincha apoya la jornada de reforestaci\u00f3n y recuperaci\u00f3n de suelo en el volc\u00e1n Ilal\u00f3"},"content":{"rendered":"<p style=\"margin: 15px 0px; color: #2f2f2f; font-family: 'Roboto Condensed'; font-size: 14px; text-align: justify;\"><img loading=\"lazy\" decoding=\"async\" class=\" size-full wp-image-404\" src=\"https:\/\/www.celec.gob.ec\/hidroagoyan\/wp-content\/uploads\/2019\/05\/reforestacion-ilalo.jpg\" alt=\"\" width=\"700\" height=\"590\" \/><\/p>\n<p style=\"margin: 15px 0px; color: #2f2f2f; font-family: 'Roboto Condensed'; font-size: 14px; text-align: justify;\">CELEC EP Termopichincha apoya la ejecuci\u00f3n del proyecto \u201cRestauraci\u00f3n de Suelos, Cosecha de Agua, Revegetaci\u00f3n, Reforestaci\u00f3n y Prevenci\u00f3n de Incendios en Comunidades Rurales del Volc\u00e1n Ilal\u00f3\u201d, de la comunidad ancestral La Toglla. La jornada cont\u00f3 con la participaci\u00f3n del personal de Operaci\u00f3n y Mantenimiento y Gesti\u00f3n Social y Ambiental de la Unidad de Negocio.<\/p>\n<p><!--more--><\/p>\n<p style=\"margin: 15px 0px; color: #2f2f2f; font-family: 'Roboto Condensed'; font-size: 14px; text-align: justify;\">Los participantes, con su mano de obra y actitud positiva ayudan a la naturaleza y protegen la vida, demostraron un trabajo solidario con la comunidad La Toglia, ubicada en las inmediaciones de la Central Guangopolo, cavando hoyos en el terreno donde se sembrar\u00e1n \u00e1rboles nativos. Esto no solo dejar\u00e1 el suelo en condiciones \u00f3ptimas para la siembra sino que favorecer\u00e1 para que el agua lluvia hidrate el terreno compuesto de un material duro como es la cangahua. Adem\u00e1s, realizaron la limpieza de maleza en donde se sembraron \u00e1rboles tiempo atr\u00e1s.<\/p>\n<p style=\"margin: 15px 0px; color: #2f2f2f; font-family: 'Roboto Condensed'; font-size: 14px; text-align: justify;\">Los dirigentes comunitarios agradecieron al personal de CELEC EP Termopichincha por sumarse a esta actividad, pues el reto del proyecto es cubrir 2.5 hect\u00e1reas de terreno, en las faldas del Ilal\u00f3.<\/p>\n<p style=\"margin: 15px 0px; color: #2f2f2f; font-family: 'Roboto Condensed'; font-size: 14px; text-align: justify;\">El paisaje impresiona con su vegetaci\u00f3n que gracias a estos esfuerzos va recuper\u00e1ndose de a poco, lamentablemente la zona ha sido objeto de la erosi\u00f3n e incendios forestales, uno de los m\u00e1s altos \u00edndices del continente, seg\u00fan estudios.<\/p>\n<p style=\"margin: 15px 0px; color: #2f2f2f; font-family: 'Roboto Condensed'; font-size: 14px; text-align: justify;\">El apoyo del personal de CELEC EP Termopichincha a la comunidad La Toglia, constituye un importante aporte para el cuidado y protecci\u00f3n de la naturaleza, adem\u00e1s de un ejemplo para que m\u00e1s empresas o ciudadanos se sumen a esta iniciativa.<\/p>\n<p style=\"margin: 15px 0px; color: #2f2f2f; font-family: 'Roboto Condensed'; font-size: 14px;\"><strong>Fecha de publicaci\u00f3n: 27\/05\/2019<\/strong><\/p>\n","protected":false},"excerpt":{"rendered":"<p>CELEC EP Termopichincha apoya la ejecuci\u00f3n del proyecto \u201cRestauraci\u00f3n de Suelos, Cosecha de Agua, Revegetaci\u00f3n, Reforestaci\u00f3n y Prevenci\u00f3n de Incendios en Comunidades Rurales del Volc\u00e1n Ilal\u00f3\u201d, de la comunidad ancestral La Toglla. La jornada cont\u00f3 con la participaci\u00f3n del personal de Operaci\u00f3n y Mantenimiento y Gesti\u00f3n Social y Ambiental de la Unidad de Negocio.<\/p>\n","protected":false},"author":1,"featured_media":2368,"comment_status":"open","ping_status":"open","sticky":false,"template":"","format":"standard","meta":{"_acf_changed":false,"_themeisle_gutenberg_block_has_review":false,"footnotes":""},"categories":[7],"tags":[],"class_list":["post-2367","post","type-post","status-publish","format-standard","has-post-thumbnail","hentry","category-noticias-noticias"],"acf":[],"publishpress_future_action":{"enabled":false,"date":"2026-05-07 20:41:49","action":"change-status","newStatus":"draft","terms":[],"taxonomy":"category","extraData":[]},"publishpress_future_workflow_manual_trigger":{"enabledWorkflows":[]},"_links":{"self":[{"href":"https:\/\/www.celec.gob.ec\/hidroagoyan\/wp-json\/wp\/v2\/posts\/2367","targetHints":{"allow":["GET"]}}],"collection":[{"href":"https:\/\/www.celec.gob.ec\/hidroagoyan\/wp-json\/wp\/v2\/posts"}],"about":[{"href":"https:\/\/www.celec.gob.ec\/hidroagoyan\/wp-json\/wp\/v2\/types\/post"}],"author":[{"embeddable":true,"href":"https:\/\/www.celec.gob.ec\/hidroagoyan\/wp-json\/wp\/v2\/users\/1"}],"replies":[{"embeddable":true,"href":"https:\/\/www.celec.gob.ec\/hidroagoyan\/wp-json\/wp\/v2\/comments?post=2367"}],"version-history":[{"count":0,"href":"https:\/\/www.celec.gob.ec\/hidroagoyan\/wp-json\/wp\/v2\/posts\/2367\/revisions"}],"wp:featuredmedia":[{"embeddable":true,"href":"https:\/\/www.celec.gob.ec\/hidroagoyan\/wp-json\/wp\/v2\/media\/2368"}],"wp:attachment":[{"href":"https:\/\/www.celec.gob.ec\/hidroagoyan\/wp-json\/wp\/v2\/media?parent=2367"}],"wp:term":[{"taxonomy":"category","embeddable":true,"href":"https:\/\/www.celec.gob.ec\/hidroagoyan\/wp-json\/wp\/v2\/categories?post=2367"},{"taxonomy":"post_tag","embeddable":true,"href":"https:\/\/www.celec.gob.ec\/hidroagoyan\/wp-json\/wp\/v2\/tags?post=2367"}],"curies":[{"name":"wp","href":"https:\/\/api.w.org\/{rel}","templated":true}]}}