{"id":2750,"date":"2023-06-19T09:01:51","date_gmt":"2023-06-19T14:01:51","guid":{"rendered":"https:\/\/www.celec.gob.ec\/hidroagoyan\/?p=2750"},"modified":"2023-06-19T09:01:52","modified_gmt":"2023-06-19T14:01:52","slug":"gonzalo-uquillas-ecuador-requiere-ampliar-el-uso-de-las-energias-renovables","status":"publish","type":"post","link":"https:\/\/www.celec.gob.ec\/hidroagoyan\/noticias-noticias\/gonzalo-uquillas-ecuador-requiere-ampliar-el-uso-de-las-energias-renovables\/","title":{"rendered":"Gonzalo Uquillas: Ecuador requiere ampliar el uso de las energ\u00edas renovables"},"content":{"rendered":"\n<figure class=\"wp-block-image size-full\"><img loading=\"lazy\" decoding=\"async\" width=\"1024\" height=\"683\" src=\"https:\/\/www.celec.gob.ec\/hidroagoyan\/wp-content\/uploads\/2023\/06\/GUquillas.jpg\" alt=\"\" class=\"wp-image-2751\" srcset=\"https:\/\/www.celec.gob.ec\/hidroagoyan\/wp-content\/uploads\/2023\/06\/GUquillas.jpg 1024w, https:\/\/www.celec.gob.ec\/hidroagoyan\/wp-content\/uploads\/2023\/06\/GUquillas-300x200.jpg 300w, https:\/\/www.celec.gob.ec\/hidroagoyan\/wp-content\/uploads\/2023\/06\/GUquillas-768x512.jpg 768w\" sizes=\"auto, (max-width: 1024px) 100vw, 1024px\" \/><\/figure>\n\n\n\n<p>El Gerente General de la Corporaci\u00f3n El\u00e9ctrica del Ecuador (CELEC EP), Gonzalo Uquillas Vallejo, particip\u00f3 en el foro \u00abElectricidad y Energ\u00edas Renovables \u2013 Transici\u00f3n Energ\u00e9tica\u00bb, organizado por Seminarium, con el tema \u00abNuevos proyectos de generaci\u00f3n con fuentes renovables no convencionales\u00bb, con la participaci\u00f3n del ministro de Energ\u00eda, Fernando Santos Alvite, y representantes del sector energ\u00e9tico de la regi\u00f3n.<\/p>\n\n\n\n<p>En este contexto, repas\u00f3 la actualidad y perspectivas de la energ\u00eda en el mundo, Ecuador y sus pa\u00edses vecinos. \u201cTodos los temas de energ\u00edas renovables y de transici\u00f3n energ\u00e9tica solamente tienen sentido si afianzan la seguridad energ\u00e9tica\u201d, expres\u00f3.<\/p>\n\n\n\n<p>\u201cCELEC EP ha propuesto el poder identificar proyectos de energ\u00edas renovables: hidroel\u00e9ctricos, e\u00f3licos, fotovoltaicos, debidamente estudiados, para, mediante mecanismos de asociatividad p\u00fablica-privada, poder desarrollarlos\u201d, se\u00f1al\u00f3.<\/p>\n\n\n\n<ul class=\"wp-block-list\">\n<li>Hidroel\u00e9ctricos: Abitagua, Chontal, La Uni\u00f3n.<\/li>\n\n\n\n<li>Fotovoltaicos: Flotante Mazar, Matala, La Ceiba y Urcuqu\u00ed<\/li>\n\n\n\n<li>E\u00f3licos: Pimo, Villonaco II.<\/li>\n\n\n\n<li>Geot\u00e9rmico: Chachimbiro.<\/li>\n<\/ul>\n\n\n\n<p>\u201cLa seguridad energ\u00e9tica, adem\u00e1s de asegurar un servicio econ\u00f3mico y confiable, debe promover las inversiones, el bienestar de la gente y la generaci\u00f3n de empleo\u201d, sostuvo.<\/p>\n\n\n\n<p>Adem\u00e1s, record\u00f3 que Ecuador requiere, aproximadamente, 400 MW cada a\u00f1o de nueva generaci\u00f3n, para atender de manera adecuada y segura el incremento de la demanda energ\u00e9tica, lo cual implica el desarrollo de nuevos proyectos. \u201cNuevos proyectos identificados: 1.400 MW de generaci\u00f3n, que demandar\u00edan un inversi\u00f3n de, aproximadamente, USD 2.300 millones\u201d, explic\u00f3.<\/p>\n\n\n\n<p>\u201cExiste la materia prima, lo que falta es que nos pongamos de acuerdo, crear confianza entre el sector p\u00fablico y privado y materializar estas buenas ideas\u201d, concluy\u00f3 Gonzalo Uquillas, Gerente General de CELEC EP.<\/p>\n\n\n\n<p>Fecha de publicaci\u00f3n: Jueves, 15 de junio de 2023.<\/p>\n","protected":false},"excerpt":{"rendered":"<p>El Gerente General de la Corporaci\u00f3n El\u00e9ctrica del Ecuador (CELEC EP), Gonzalo Uquillas Vallejo, particip\u00f3 en el foro \u00abElectricidad y Energ\u00edas Renovables \u2013 Transici\u00f3n Energ\u00e9tica\u00bb, organizado por Seminarium, con el tema \u00abNuevos proyectos de generaci\u00f3n con fuentes renovables no convencionales\u00bb, con la participaci\u00f3n del ministro de Energ\u00eda, Fernando Santos Alvite, y representantes del sector energ\u00e9tico [&hellip;]<\/p>\n","protected":false},"author":3,"featured_media":2751,"comment_status":"open","ping_status":"open","sticky":false,"template":"","format":"standard","meta":{"_acf_changed":false,"_themeisle_gutenberg_block_has_review":false,"footnotes":""},"categories":[7],"tags":[17,27,25,26,20],"class_list":["post-2750","post","type-post","status-publish","format-standard","has-post-thumbnail","hentry","category-noticias-noticias","tag-celec-ep","tag-energia-renovable","tag-gerente-general","tag-gonzalo-uquillas","tag-sector-electrico"],"acf":[],"publishpress_future_action":{"enabled":false,"date":"2026-05-08 01:23:10","action":"change-status","newStatus":"draft","terms":[],"taxonomy":"category","extraData":[]},"publishpress_future_workflow_manual_trigger":{"enabledWorkflows":[]},"_links":{"self":[{"href":"https:\/\/www.celec.gob.ec\/hidroagoyan\/wp-json\/wp\/v2\/posts\/2750","targetHints":{"allow":["GET"]}}],"collection":[{"href":"https:\/\/www.celec.gob.ec\/hidroagoyan\/wp-json\/wp\/v2\/posts"}],"about":[{"href":"https:\/\/www.celec.gob.ec\/hidroagoyan\/wp-json\/wp\/v2\/types\/post"}],"author":[{"embeddable":true,"href":"https:\/\/www.celec.gob.ec\/hidroagoyan\/wp-json\/wp\/v2\/users\/3"}],"replies":[{"embeddable":true,"href":"https:\/\/www.celec.gob.ec\/hidroagoyan\/wp-json\/wp\/v2\/comments?post=2750"}],"version-history":[{"count":1,"href":"https:\/\/www.celec.gob.ec\/hidroagoyan\/wp-json\/wp\/v2\/posts\/2750\/revisions"}],"predecessor-version":[{"id":2752,"href":"https:\/\/www.celec.gob.ec\/hidroagoyan\/wp-json\/wp\/v2\/posts\/2750\/revisions\/2752"}],"wp:featuredmedia":[{"embeddable":true,"href":"https:\/\/www.celec.gob.ec\/hidroagoyan\/wp-json\/wp\/v2\/media\/2751"}],"wp:attachment":[{"href":"https:\/\/www.celec.gob.ec\/hidroagoyan\/wp-json\/wp\/v2\/media?parent=2750"}],"wp:term":[{"taxonomy":"category","embeddable":true,"href":"https:\/\/www.celec.gob.ec\/hidroagoyan\/wp-json\/wp\/v2\/categories?post=2750"},{"taxonomy":"post_tag","embeddable":true,"href":"https:\/\/www.celec.gob.ec\/hidroagoyan\/wp-json\/wp\/v2\/tags?post=2750"}],"curies":[{"name":"wp","href":"https:\/\/api.w.org\/{rel}","templated":true}]}}