{"id":2769,"date":"2023-06-28T11:44:04","date_gmt":"2023-06-28T16:44:04","guid":{"rendered":"https:\/\/www.celec.gob.ec\/hidroagoyan\/?p=2769"},"modified":"2023-06-28T11:44:05","modified_gmt":"2023-06-28T16:44:05","slug":"gobierno-nacional-autoriza-tramitar-lineas-de-credito-para-financiar-el-proyecto-de-interconexion-electrica-ecuador-peru-500-kv","status":"publish","type":"post","link":"https:\/\/www.celec.gob.ec\/hidroagoyan\/noticias-noticias\/gobierno-nacional-autoriza-tramitar-lineas-de-credito-para-financiar-el-proyecto-de-interconexion-electrica-ecuador-peru-500-kv\/","title":{"rendered":"Gobierno Nacional autoriza tramitar l\u00edneas de cr\u00e9dito para financiar el proyecto de Interconexi\u00f3n El\u00e9ctrica Ecuador \u2013 Per\u00fa 500 kV"},"content":{"rendered":"\n<figure class=\"wp-block-image size-large\"><img loading=\"lazy\" decoding=\"async\" width=\"1024\" height=\"684\" src=\"https:\/\/www.celec.gob.ec\/hidroagoyan\/wp-content\/uploads\/2023\/06\/interconexion-1024x684.jpg\" alt=\"\" class=\"wp-image-2771\" srcset=\"https:\/\/www.celec.gob.ec\/hidroagoyan\/wp-content\/uploads\/2023\/06\/interconexion-1024x684.jpg 1024w, https:\/\/www.celec.gob.ec\/hidroagoyan\/wp-content\/uploads\/2023\/06\/interconexion-300x200.jpg 300w, https:\/\/www.celec.gob.ec\/hidroagoyan\/wp-content\/uploads\/2023\/06\/interconexion-768x513.jpg 768w, https:\/\/www.celec.gob.ec\/hidroagoyan\/wp-content\/uploads\/2023\/06\/interconexion-1536x1026.jpg 1536w, https:\/\/www.celec.gob.ec\/hidroagoyan\/wp-content\/uploads\/2023\/06\/interconexion.jpg 1558w\" sizes=\"auto, (max-width: 1024px) 100vw, 1024px\" \/><\/figure>\n\n\n\n<p>Este 27 de junio en rueda de prensa,\u00a0<strong>el Ministro de Energ\u00eda y Minas, Fernando Santos; junto al Gerente de la Corporaci\u00f3n El\u00e9ctrica del Ecuador -CELEC EP-, Gonzalo Uquillas; socializaron el inicio del procedimiento precontractual para la obtenci\u00f3n de las l\u00edneas de cr\u00e9dito con el Banco Interamericano de Desarrollo (BID) y Banco Europeo de Inversiones (BEI), que servir\u00e1n para el financiamiento de la construcci\u00f3n del proyecto de interconexi\u00f3n el\u00e9ctrica entre Ecuador y Per\u00fa, a 500 mil voltios (kV).<\/strong>\u00a0El Tr\u00e1mite fue autorizado por el Directorio de la Corporaci\u00f3n El\u00e9ctrica del Ecuador (CELEC EP).<\/p>\n\n\n\n<p>El proyecto de interconexi\u00f3n el\u00e9ctrica Ecuador \u2013 Per\u00fa 500 kV&nbsp;<strong>requiere una inversi\u00f3n de USD 289 millones, de los cuales, el&nbsp;BID conceder\u00e1 USD 125 millones, el&nbsp;BEI USD 125 millones y la diferencia ser\u00e1 gestionada con recursos propios de CELEC EP.<\/strong><\/p>\n\n\n\n<p>Durante el conversatorio, la m\u00e1xima autoridad de la cartera de Energ\u00eda y Minas indic\u00f3 que, por unanimidad, los miembros del mencionado Directorio, resolvieron otorgar la prioridad del proyecto y dispusieron que CELEC EP contin\u00fae con los procedimientos correspondientes para su desarrollo, el cual permitir\u00e1 la integraci\u00f3n energ\u00e9tica regional, a trav\u00e9s de la importaci\u00f3n y exportaci\u00f3n de energ\u00eda el\u00e9ctrica.<\/p>\n\n\n\n<p>El Ministro de Energ\u00eda y Minas, Fernando Santos Alvite expres\u00f3:\u00a0<strong>\u201cEn el sector el\u00e9ctrico damos pasos firmes y concretos para que la integraci\u00f3n sea una realidad entre las naciones hermanas de Ecuador y Per\u00fa\u201d.<\/strong><\/p>\n\n\n\n<figure class=\"wp-block-image size-large\"><img loading=\"lazy\" decoding=\"async\" width=\"1024\" height=\"576\" src=\"https:\/\/www.celec.gob.ec\/hidroagoyan\/wp-content\/uploads\/2023\/06\/Mapa-Interconexion-Ecuador-Peru-1024x576.jpg\" alt=\"\" class=\"wp-image-2770\" srcset=\"https:\/\/www.celec.gob.ec\/hidroagoyan\/wp-content\/uploads\/2023\/06\/Mapa-Interconexion-Ecuador-Peru-1024x576.jpg 1024w, https:\/\/www.celec.gob.ec\/hidroagoyan\/wp-content\/uploads\/2023\/06\/Mapa-Interconexion-Ecuador-Peru-300x169.jpg 300w, https:\/\/www.celec.gob.ec\/hidroagoyan\/wp-content\/uploads\/2023\/06\/Mapa-Interconexion-Ecuador-Peru-768x432.jpg 768w, https:\/\/www.celec.gob.ec\/hidroagoyan\/wp-content\/uploads\/2023\/06\/Mapa-Interconexion-Ecuador-Peru.jpg 1280w\" sizes=\"auto, (max-width: 1024px) 100vw, 1024px\" \/><\/figure>\n\n\n\n<p>Asimismo, el titular de la secretar\u00eda de Estado puntualiz\u00f3:&nbsp;<strong>\u201cLa integraci\u00f3n el\u00e9ctrica entre Ecuador y Per\u00fa contempla una complementariedad de fuentes energ\u00e9ticas para de esta forma solventar temas de suministro entre ambas naciones\u201d.<\/strong>&nbsp;Adem\u00e1s, a\u00f1adi\u00f3: \u201cLa interconexi\u00f3n presenta beneficios sociales, econ\u00f3micos y ambientales para cada uno de los pa\u00edses\u201d.<\/p>\n\n\n\n<p>La&nbsp;interconexi\u00f3n&nbsp;el\u00e9ctrica entre Ecuador y Per\u00fa permitir\u00e1 el intercambio energ\u00e9tico, fortalecer\u00e1 la seguridad energ\u00e9tica y beneficiar\u00e1 a las poblaciones aleda\u00f1as en la generaci\u00f3n de fuentes de empleo.<\/p>\n\n\n\n<p>Este sistema atravesar\u00e1 las provincias de&nbsp;Guayas&nbsp;y&nbsp;El Oro y se compone de cuatro fases:&nbsp;<strong>L\u00ednea de transmisi\u00f3n (Chorrillos-Pasaje 500 mil voltios), de 207 kil\u00f3metros de longitud; ampliaci\u00f3n de la subestaci\u00f3n&nbsp;Chorrillos, bah\u00eda de l\u00ednea 500 mil voltios; nueva&nbsp;subestaci\u00f3n el\u00e9ctrica&nbsp;en Pasaje (El Oro), 500\/230 mil voltios de 600 MVA de capacidad; l\u00ednea de transmisi\u00f3n&nbsp;Pasaje-Frontera, 500 mil voltios, de 77 kil\u00f3metros de longitud.&nbsp;<\/strong>El Gobierno Nacional a trav\u00e9s del Ministerio de Energ\u00eda y Minas, labora para fortalecer y concretar la interconexi\u00f3n el\u00e9ctrica regional, que traer\u00e1 consigo beneficios en cuanto a aspectos; econ\u00f3micos, de complementariedad hidrol\u00f3gica, confiablidad del suministro y sociales.<\/p>\n\n\n\n<p>Fecha de publicaci\u00f3n: Martes, 27 de junio de 2023.<\/p>\n","protected":false},"excerpt":{"rendered":"<p>Este 27 de junio en rueda de prensa,\u00a0el Ministro de Energ\u00eda y Minas, Fernando Santos; junto al Gerente de la Corporaci\u00f3n El\u00e9ctrica del Ecuador -CELEC EP-, Gonzalo Uquillas; socializaron el inicio del procedimiento precontractual para la obtenci\u00f3n de las l\u00edneas de cr\u00e9dito con el Banco Interamericano de Desarrollo (BID) y Banco Europeo de Inversiones (BEI), [&hellip;]<\/p>\n","protected":false},"author":3,"featured_media":2771,"comment_status":"open","ping_status":"open","sticky":false,"template":"","format":"standard","meta":{"_acf_changed":false,"_themeisle_gutenberg_block_has_review":false,"footnotes":""},"categories":[7],"tags":[17,27,25,26],"class_list":["post-2769","post","type-post","status-publish","format-standard","has-post-thumbnail","hentry","category-noticias-noticias","tag-celec-ep","tag-energia-renovable","tag-gerente-general","tag-gonzalo-uquillas"],"acf":[],"publishpress_future_action":{"enabled":false,"date":"2026-05-08 01:27:59","action":"change-status","newStatus":"draft","terms":[],"taxonomy":"category","extraData":[]},"publishpress_future_workflow_manual_trigger":{"enabledWorkflows":[]},"_links":{"self":[{"href":"https:\/\/www.celec.gob.ec\/hidroagoyan\/wp-json\/wp\/v2\/posts\/2769","targetHints":{"allow":["GET"]}}],"collection":[{"href":"https:\/\/www.celec.gob.ec\/hidroagoyan\/wp-json\/wp\/v2\/posts"}],"about":[{"href":"https:\/\/www.celec.gob.ec\/hidroagoyan\/wp-json\/wp\/v2\/types\/post"}],"author":[{"embeddable":true,"href":"https:\/\/www.celec.gob.ec\/hidroagoyan\/wp-json\/wp\/v2\/users\/3"}],"replies":[{"embeddable":true,"href":"https:\/\/www.celec.gob.ec\/hidroagoyan\/wp-json\/wp\/v2\/comments?post=2769"}],"version-history":[{"count":1,"href":"https:\/\/www.celec.gob.ec\/hidroagoyan\/wp-json\/wp\/v2\/posts\/2769\/revisions"}],"predecessor-version":[{"id":2772,"href":"https:\/\/www.celec.gob.ec\/hidroagoyan\/wp-json\/wp\/v2\/posts\/2769\/revisions\/2772"}],"wp:featuredmedia":[{"embeddable":true,"href":"https:\/\/www.celec.gob.ec\/hidroagoyan\/wp-json\/wp\/v2\/media\/2771"}],"wp:attachment":[{"href":"https:\/\/www.celec.gob.ec\/hidroagoyan\/wp-json\/wp\/v2\/media?parent=2769"}],"wp:term":[{"taxonomy":"category","embeddable":true,"href":"https:\/\/www.celec.gob.ec\/hidroagoyan\/wp-json\/wp\/v2\/categories?post=2769"},{"taxonomy":"post_tag","embeddable":true,"href":"https:\/\/www.celec.gob.ec\/hidroagoyan\/wp-json\/wp\/v2\/tags?post=2769"}],"curies":[{"name":"wp","href":"https:\/\/api.w.org\/{rel}","templated":true}]}}