{"id":3245,"date":"2023-10-13T08:35:09","date_gmt":"2023-10-13T13:35:09","guid":{"rendered":"https:\/\/www.celec.gob.ec\/hidroagoyan\/?p=3245"},"modified":"2023-10-13T08:35:10","modified_gmt":"2023-10-13T13:35:10","slug":"lucha-contra-la-corrupcion-y-contratacion-publica-transparente-son-compromiso-del-sector-electrico","status":"publish","type":"post","link":"https:\/\/www.celec.gob.ec\/hidroagoyan\/noticias-noticias\/lucha-contra-la-corrupcion-y-contratacion-publica-transparente-son-compromiso-del-sector-electrico\/","title":{"rendered":"Lucha contra la corrupci\u00f3n y contrataci\u00f3n p\u00fablica transparente, son compromiso del sector el\u00e9ctrico"},"content":{"rendered":"\n<figure class=\"wp-block-image size-large\"><img loading=\"lazy\" decoding=\"async\" width=\"1024\" height=\"683\" src=\"https:\/\/www.celec.gob.ec\/hidroagoyan\/wp-content\/uploads\/2023\/10\/WhatsApp-Image-2023-10-11-at-9.40.25-AM-1024x683.jpg\" alt=\"\" class=\"wp-image-3246\" srcset=\"https:\/\/www.celec.gob.ec\/hidroagoyan\/wp-content\/uploads\/2023\/10\/WhatsApp-Image-2023-10-11-at-9.40.25-AM-1024x683.jpg 1024w, https:\/\/www.celec.gob.ec\/hidroagoyan\/wp-content\/uploads\/2023\/10\/WhatsApp-Image-2023-10-11-at-9.40.25-AM-300x200.jpg 300w, https:\/\/www.celec.gob.ec\/hidroagoyan\/wp-content\/uploads\/2023\/10\/WhatsApp-Image-2023-10-11-at-9.40.25-AM-768x512.jpg 768w, https:\/\/www.celec.gob.ec\/hidroagoyan\/wp-content\/uploads\/2023\/10\/WhatsApp-Image-2023-10-11-at-9.40.25-AM-1536x1024.jpg 1536w, https:\/\/www.celec.gob.ec\/hidroagoyan\/wp-content\/uploads\/2023\/10\/WhatsApp-Image-2023-10-11-at-9.40.25-AM.jpg 1599w\" sizes=\"auto, (max-width: 1024px) 100vw, 1024px\" \/><\/figure>\n\n\n\n<p>Entre el mi\u00e9rcoles 11 y jueves 12 de octubre, se llev\u00f3 a cabo el \u201cPrimer Congreso Internacional de Lucha Anticorrupci\u00f3n y Contrataci\u00f3n P\u00fablica en el Sector El\u00e9ctrico\u201d, organizado por la Corporaci\u00f3n El\u00e9ctrica del Ecuador (CELEC EP) y la Comisi\u00f3n de Integraci\u00f3n Energ\u00e9tica Regional \u2013 Comit\u00e9 Ecuatoriano (Ecuacier), en donde, diferentes expertos nacionales e internacionales expusieron sobre el \u00e1mbito.<\/p>\n\n\n\n<p>Durante este evento, se analizaron y compartieron las recientes reformas de la normativa relacionada con compras p\u00fablicas en el sector el\u00e9ctrico y el papel que desempe\u00f1a la \u00e9tica en su funcionamiento eficiente y transparente.<\/p>\n\n\n\n<p>Se cont\u00f3 con la participaci\u00f3n de acad\u00e9micos internacionales como: la Dra. Miriam Ivanega (Argentina) y el Dr. Jorge Luis Gonz\u00e1lez Tamayo (Brasil). Adem\u00e1s, expusieron acad\u00e9micos nacionales: Luis Andrade, sobre la aplicaci\u00f3n de la normativa secundaria en contrataci\u00f3n p\u00fablica en el sector energ\u00e9tico; Juan Fernando Aguirre sobre c\u00f3mo combatir la corrupci\u00f3n a trav\u00e9s del uso adecuado de la contrataci\u00f3n p\u00fablica; el Dr. Pablo Morales acerca de la excepcionalidad para energ\u00edas renovables: \u00bfposibilidad de corrupci\u00f3n o innovaci\u00f3n; el Dr. Fabi\u00e1n Racines, con relaci\u00f3n a los fallos de triple reiteraci\u00f3n; y, el Dr. Juan Francisco D\u00edaz, que explic\u00f3 sobre el Sector el\u00e9ctrico, matriz productiva y compras verdes. Tambi\u00e9n, estuvo presente el Juez de la Corte Nacional de Justicia de Ecuador, Dr. Patricio Secaira, quien explic\u00f3 el Control jurisdiccional de la actividad administrativa y recurso de casaci\u00f3n.<\/p>\n\n\n\n<p>Gonzalo Uquillas, Gerente General de CELEC EP, se\u00f1al\u00f3 que este evento \u00abse enmarca en la pol\u00edtica empresarial de lograr transparencia y eficiencia en todas sus actuaciones\u00bb.<\/p>\n\n\n\n<p>Agreg\u00f3 que \u00abla transparencia en la contrataci\u00f3n p\u00fablica y la lucha incansable contra la corrupci\u00f3n son elementos clave para garantizar que los recursos se utilicen de manera eficaz y efectiva, beneficiando a toda nuestra sociedad\u00bb.<\/p>\n\n\n\n<p>Por su parte, el Director Ejecutivo de Ecuacier, Hern\u00e1n Verdugo, expres\u00f3 que el sector el\u00e9ctrico es un pilar fundamental para el desarrollo del pa\u00eds y el bienestar de la sociedad. \u201cEs nuestro deber participar en este tipo de eventos para mejorar las circunstancias de nuestra organizaci\u00f3n: el sector el\u00e9ctrico\u201d, dijo.<\/p>\n\n\n\n<p>En el cierre, Marco Mosquera, Asesor de la Gerencia General de CELEC EP, se\u00f1al\u00f3 que \u201cestamos conscientes de los desaf\u00edos y la importancia de mantener la integridad y la transparencia en cada una de nuestras acciones y decisiones en la administraci\u00f3n y gesti\u00f3n de los recursos p\u00fablicos\u201d.<\/p>\n\n\n\n<p>De esta manera, este primer congreso represent\u00f3 una oportunidad para fortalecer la integridad en el sector el\u00e9ctrico y mejorar las pr\u00e1cticas de contrataci\u00f3n p\u00fablica, as\u00ed como promover un compromiso entre los funcionarios en favor de la transparencia.<\/p>\n\n\n\n<p>Fecha de publicaci\u00f3n: Viernes, 13 de octubre de 2023.<\/p>\n","protected":false},"excerpt":{"rendered":"<p>Entre el mi\u00e9rcoles 11 y jueves 12 de octubre, se llev\u00f3 a cabo el \u201cPrimer Congreso Internacional de Lucha Anticorrupci\u00f3n y Contrataci\u00f3n P\u00fablica en el Sector El\u00e9ctrico\u201d, organizado por la Corporaci\u00f3n El\u00e9ctrica del Ecuador (CELEC EP) y la Comisi\u00f3n de Integraci\u00f3n Energ\u00e9tica Regional \u2013 Comit\u00e9 Ecuatoriano (Ecuacier), en donde, diferentes expertos nacionales e internacionales expusieron [&hellip;]<\/p>\n","protected":false},"author":3,"featured_media":3246,"comment_status":"open","ping_status":"open","sticky":false,"template":"","format":"standard","meta":{"_acf_changed":false,"_themeisle_gutenberg_block_has_review":false,"footnotes":""},"categories":[7],"tags":[17,20],"class_list":["post-3245","post","type-post","status-publish","format-standard","has-post-thumbnail","hentry","category-noticias-noticias","tag-celec-ep","tag-sector-electrico"],"acf":[],"publishpress_future_action":{"enabled":false,"date":"2026-05-07 13:53:01","action":"change-status","newStatus":"draft","terms":[],"taxonomy":"category","extraData":[]},"publishpress_future_workflow_manual_trigger":{"enabledWorkflows":[]},"_links":{"self":[{"href":"https:\/\/www.celec.gob.ec\/hidroagoyan\/wp-json\/wp\/v2\/posts\/3245","targetHints":{"allow":["GET"]}}],"collection":[{"href":"https:\/\/www.celec.gob.ec\/hidroagoyan\/wp-json\/wp\/v2\/posts"}],"about":[{"href":"https:\/\/www.celec.gob.ec\/hidroagoyan\/wp-json\/wp\/v2\/types\/post"}],"author":[{"embeddable":true,"href":"https:\/\/www.celec.gob.ec\/hidroagoyan\/wp-json\/wp\/v2\/users\/3"}],"replies":[{"embeddable":true,"href":"https:\/\/www.celec.gob.ec\/hidroagoyan\/wp-json\/wp\/v2\/comments?post=3245"}],"version-history":[{"count":1,"href":"https:\/\/www.celec.gob.ec\/hidroagoyan\/wp-json\/wp\/v2\/posts\/3245\/revisions"}],"predecessor-version":[{"id":3247,"href":"https:\/\/www.celec.gob.ec\/hidroagoyan\/wp-json\/wp\/v2\/posts\/3245\/revisions\/3247"}],"wp:featuredmedia":[{"embeddable":true,"href":"https:\/\/www.celec.gob.ec\/hidroagoyan\/wp-json\/wp\/v2\/media\/3246"}],"wp:attachment":[{"href":"https:\/\/www.celec.gob.ec\/hidroagoyan\/wp-json\/wp\/v2\/media?parent=3245"}],"wp:term":[{"taxonomy":"category","embeddable":true,"href":"https:\/\/www.celec.gob.ec\/hidroagoyan\/wp-json\/wp\/v2\/categories?post=3245"},{"taxonomy":"post_tag","embeddable":true,"href":"https:\/\/www.celec.gob.ec\/hidroagoyan\/wp-json\/wp\/v2\/tags?post=3245"}],"curies":[{"name":"wp","href":"https:\/\/api.w.org\/{rel}","templated":true}]}}