{"id":3532,"date":"2023-12-26T13:18:39","date_gmt":"2023-12-26T18:18:39","guid":{"rendered":"https:\/\/www.celec.gob.ec\/hidroagoyan\/?p=3532"},"modified":"2023-12-26T13:18:42","modified_gmt":"2023-12-26T18:18:42","slug":"celec-ep-electroguayas-organizo-un-agasajo-navideno-para-208-ninos-de-comunidades-aledanas-a-las-centrales-trinitaria-y-santa-elena-ii-y-iii","status":"publish","type":"post","link":"https:\/\/www.celec.gob.ec\/hidroagoyan\/noticias-noticias\/celec-ep-electroguayas-organizo-un-agasajo-navideno-para-208-ninos-de-comunidades-aledanas-a-las-centrales-trinitaria-y-santa-elena-ii-y-iii\/","title":{"rendered":"CELEC EP Electroguayas organiz\u00f3 un agasajo navide\u00f1o para 208 ni\u00f1os de comunidades aleda\u00f1as a las centrales Trinitaria y Santa Elena II y III"},"content":{"rendered":"\n<figure class=\"wp-block-image size-full\"><img loading=\"lazy\" decoding=\"async\" width=\"900\" height=\"460\" src=\"https:\/\/www.celec.gob.ec\/hidroagoyan\/wp-content\/uploads\/2023\/12\/Navidad-Electroguayas.jpg\" alt=\"\" class=\"wp-image-3533\" srcset=\"https:\/\/www.celec.gob.ec\/hidroagoyan\/wp-content\/uploads\/2023\/12\/Navidad-Electroguayas.jpg 900w, https:\/\/www.celec.gob.ec\/hidroagoyan\/wp-content\/uploads\/2023\/12\/Navidad-Electroguayas-300x153.jpg 300w, https:\/\/www.celec.gob.ec\/hidroagoyan\/wp-content\/uploads\/2023\/12\/Navidad-Electroguayas-768x393.jpg 768w\" sizes=\"auto, (max-width: 900px) 100vw, 900px\" \/><\/figure>\n\n\n\n<p>La Corporaci\u00f3n El\u00e9ctrica del Ecuador \u2013 CELEC EP, a trav\u00e9s de su Unidad de Negocio Electroguayas, celebr\u00f3 la Navidad con 208 ni\u00f1os de las comunidades cercanas a nuestras centrales de generaci\u00f3n en Guayaquil y en la provincia de Santa Elena.<\/p>\n\n\n\n<p>En un evento lleno de color y emoci\u00f3n, los peque\u00f1os fueron agasajados, con un divertido espect\u00e1culo infantil, refrigerios, caramelos y juguetes. La celebraci\u00f3n incluy\u00f3 una serie de actividades recreativas, premios sorpresas y regalos, generando un ambiente festivo que ilumin\u00f3 los corazones de los ni\u00f1os y sus familias.<\/p>\n\n\n\n<p>El compromiso de CELEC EP Electroguayas con el bienestar de las comunidades, como Santiago Rold\u00f3s II, en Guayaquil; y Primero de Mayo, en la provincia de Santa Elena, se reflej\u00f3 en esta iniciativa, donde se cre\u00f3 un espacio, en el que la alegr\u00eda y la diversi\u00f3n fueran los protagonistas.<\/p>\n\n\n\n<p>Mercedes Acosta, l\u00edder comunitaria, expres\u00f3 su gratitud en nombre de todos los padres y familias de la comunidad. \u201cEste agasajo navide\u00f1o llen\u00f3 de alegr\u00eda a nuestros ni\u00f1os. Sus esfuerzos han llenado de magia en esta temporada, creando recuerdos que atesoraremos para siempre\u201d. &nbsp; Este agasajo navide\u00f1o es una muestra del compromiso de Electroguayas con el desarrollo sostenible y la responsabilidad social.<\/p>\n\n\n\n<p>Fecha de publicaci\u00f3n: Martes, 26 de diciembre de 2023.<\/p>\n","protected":false},"excerpt":{"rendered":"<p>La Corporaci\u00f3n El\u00e9ctrica del Ecuador \u2013 CELEC EP, a trav\u00e9s de su Unidad de Negocio Electroguayas, celebr\u00f3 la Navidad con 208 ni\u00f1os de las comunidades cercanas a nuestras centrales de generaci\u00f3n en Guayaquil y en la provincia de Santa Elena. En un evento lleno de color y emoci\u00f3n, los peque\u00f1os fueron agasajados, con un divertido [&hellip;]<\/p>\n","protected":false},"author":3,"featured_media":3533,"comment_status":"open","ping_status":"open","sticky":false,"template":"","format":"standard","meta":{"_acf_changed":false,"_themeisle_gutenberg_block_has_review":false,"footnotes":""},"categories":[7],"tags":[17,27,20],"class_list":["post-3532","post","type-post","status-publish","format-standard","has-post-thumbnail","hentry","category-noticias-noticias","tag-celec-ep","tag-energia-renovable","tag-sector-electrico"],"acf":[],"publishpress_future_action":{"enabled":false,"date":"2026-05-07 12:13:51","action":"change-status","newStatus":"draft","terms":[],"taxonomy":"category","extraData":[]},"publishpress_future_workflow_manual_trigger":{"enabledWorkflows":[]},"_links":{"self":[{"href":"https:\/\/www.celec.gob.ec\/hidroagoyan\/wp-json\/wp\/v2\/posts\/3532","targetHints":{"allow":["GET"]}}],"collection":[{"href":"https:\/\/www.celec.gob.ec\/hidroagoyan\/wp-json\/wp\/v2\/posts"}],"about":[{"href":"https:\/\/www.celec.gob.ec\/hidroagoyan\/wp-json\/wp\/v2\/types\/post"}],"author":[{"embeddable":true,"href":"https:\/\/www.celec.gob.ec\/hidroagoyan\/wp-json\/wp\/v2\/users\/3"}],"replies":[{"embeddable":true,"href":"https:\/\/www.celec.gob.ec\/hidroagoyan\/wp-json\/wp\/v2\/comments?post=3532"}],"version-history":[{"count":1,"href":"https:\/\/www.celec.gob.ec\/hidroagoyan\/wp-json\/wp\/v2\/posts\/3532\/revisions"}],"predecessor-version":[{"id":3534,"href":"https:\/\/www.celec.gob.ec\/hidroagoyan\/wp-json\/wp\/v2\/posts\/3532\/revisions\/3534"}],"wp:featuredmedia":[{"embeddable":true,"href":"https:\/\/www.celec.gob.ec\/hidroagoyan\/wp-json\/wp\/v2\/media\/3533"}],"wp:attachment":[{"href":"https:\/\/www.celec.gob.ec\/hidroagoyan\/wp-json\/wp\/v2\/media?parent=3532"}],"wp:term":[{"taxonomy":"category","embeddable":true,"href":"https:\/\/www.celec.gob.ec\/hidroagoyan\/wp-json\/wp\/v2\/categories?post=3532"},{"taxonomy":"post_tag","embeddable":true,"href":"https:\/\/www.celec.gob.ec\/hidroagoyan\/wp-json\/wp\/v2\/tags?post=3532"}],"curies":[{"name":"wp","href":"https:\/\/api.w.org\/{rel}","templated":true}]}}