{"id":4308,"date":"2025-03-13T10:30:54","date_gmt":"2025-03-13T15:30:54","guid":{"rendered":"https:\/\/www.celec.gob.ec\/hidroagoyan\/?p=4308"},"modified":"2025-03-13T10:30:56","modified_gmt":"2025-03-13T15:30:56","slug":"inicio-el-desalojo-controlado-de-excesos-de-agua-de-la-presa-daule-peripa-para-proteger-a-poblaciones-en-las-riberas-del-rio-daule","status":"publish","type":"post","link":"https:\/\/www.celec.gob.ec\/hidroagoyan\/noticias-noticias\/inicio-el-desalojo-controlado-de-excesos-de-agua-de-la-presa-daule-peripa-para-proteger-a-poblaciones-en-las-riberas-del-rio-daule\/","title":{"rendered":"Inici\u00f3 el desalojo controlado de excesos de agua de la presa Daule Peripa, para proteger a poblaciones en las riberas del r\u00edo Daule"},"content":{"rendered":"\n<p>La Corporaci\u00f3n El\u00e9ctrica del Ecuador \u2013 CELEC EP- informa que, a partir del martes 11 de marzo de 2025, iniciaron las descargas controladas de agua por el vertedero del embalse Daule-Peripa. La decisi\u00f3n se adopt\u00f3 debido a que en los \u00faltimos 12 d\u00edas el caudal alcanz\u00f3 un promedio diario de 1.100 m3\/s.<\/p>\n\n\n\n<p>Las descargas controladas, que fueron adoptadas tras un an\u00e1lisis t\u00e9cnico, est\u00e1n orientadas a proteger a las poblaciones asentadas en las riberas del Daule. La medida ser\u00e1 temporal y permitir\u00e1 controlar el ascenso del nivel del embalse, que actualmente est\u00e1 en los 80.40 metros sobre el nivel del mar (m.s.n.m.) y se evitar\u00e1 descargas m\u00e1s fuertes cuando se aproxime al nivel m\u00e1ximo de operaci\u00f3n de la presa.<\/p>\n\n\n\n<p>En el primer d\u00eda se evacuaron 141 m3\/s y el caudal est\u00e1 controlado para no causar afectaciones. Se realiza un monitoreo permanente del r\u00edo Daule y en la estaci\u00f3n meteorol\u00f3gica La Capilla, ubicada en Santa Luc\u00eda, se refleja que el caudal se encuentra a la baja, lejos de niveles de alerta y no ha provocado inundaciones.<\/p>\n\n\n\n<p>La disposici\u00f3n fue informada a los alcaldes de los cantones Pichincha (Manab\u00ed), El Empalme, Balzar, Colimes, Palestina, Santa Luc\u00eda, Daule y Nobol (Guayas) y al Comit\u00e9 de Operaciones de Emergencia (COE), reunido en Samborond\u00f3n.<\/p>\n","protected":false},"excerpt":{"rendered":"<p>La Corporaci\u00f3n El\u00e9ctrica del Ecuador \u2013 CELEC EP- informa que, a partir del martes 11 de marzo de 2025, iniciaron las descargas controladas de agua por el vertedero del embalse Daule-Peripa. La decisi\u00f3n se adopt\u00f3 debido a que en los \u00faltimos 12 d\u00edas el caudal alcanz\u00f3 un promedio diario de 1.100 m3\/s. Las descargas controladas, [&hellip;]<\/p>\n","protected":false},"author":3,"featured_media":0,"comment_status":"open","ping_status":"open","sticky":false,"template":"","format":"standard","meta":{"_acf_changed":false,"_themeisle_gutenberg_block_has_review":false,"footnotes":""},"categories":[7],"tags":[17,27,20],"class_list":["post-4308","post","type-post","status-publish","format-standard","hentry","category-noticias-noticias","tag-celec-ep","tag-energia-renovable","tag-sector-electrico"],"acf":[],"publishpress_future_action":{"enabled":false,"date":"2026-05-06 03:09:19","action":"change-status","newStatus":"draft","terms":[],"taxonomy":"category","extraData":[]},"publishpress_future_workflow_manual_trigger":{"enabledWorkflows":[]},"_links":{"self":[{"href":"https:\/\/www.celec.gob.ec\/hidroagoyan\/wp-json\/wp\/v2\/posts\/4308","targetHints":{"allow":["GET"]}}],"collection":[{"href":"https:\/\/www.celec.gob.ec\/hidroagoyan\/wp-json\/wp\/v2\/posts"}],"about":[{"href":"https:\/\/www.celec.gob.ec\/hidroagoyan\/wp-json\/wp\/v2\/types\/post"}],"author":[{"embeddable":true,"href":"https:\/\/www.celec.gob.ec\/hidroagoyan\/wp-json\/wp\/v2\/users\/3"}],"replies":[{"embeddable":true,"href":"https:\/\/www.celec.gob.ec\/hidroagoyan\/wp-json\/wp\/v2\/comments?post=4308"}],"version-history":[{"count":1,"href":"https:\/\/www.celec.gob.ec\/hidroagoyan\/wp-json\/wp\/v2\/posts\/4308\/revisions"}],"predecessor-version":[{"id":4309,"href":"https:\/\/www.celec.gob.ec\/hidroagoyan\/wp-json\/wp\/v2\/posts\/4308\/revisions\/4309"}],"wp:attachment":[{"href":"https:\/\/www.celec.gob.ec\/hidroagoyan\/wp-json\/wp\/v2\/media?parent=4308"}],"wp:term":[{"taxonomy":"category","embeddable":true,"href":"https:\/\/www.celec.gob.ec\/hidroagoyan\/wp-json\/wp\/v2\/categories?post=4308"},{"taxonomy":"post_tag","embeddable":true,"href":"https:\/\/www.celec.gob.ec\/hidroagoyan\/wp-json\/wp\/v2\/tags?post=4308"}],"curies":[{"name":"wp","href":"https:\/\/api.w.org\/{rel}","templated":true}]}}